{"id":44884,"date":"2020-03-06T16:24:38","date_gmt":"2020-03-06T15:24:38","guid":{"rendered":"https:\/\/www.manetti.com\/wikigold-oro-cosmetico\/"},"modified":"2023-04-27T11:32:37","modified_gmt":"2023-04-27T09:32:37","slug":"24kt-pracht-fuer-gesicht-und-koerper","status":"publish","type":"post","link":"https:\/\/www.manetti.com\/de\/24kt-pracht-fuer-gesicht-und-koerper\/","title":{"rendered":"<br>24KT PRACHT F\u00dcR GESICHT UND K\u00d6RPER"},"content":{"rendered":"\n<p>Das erste Zeugnis ante litteram f\u00fcr die Verwendung von Gold in Kosmetika war Kleopatra: Die \u00e4gyptische K\u00f6nigin, eine echte zeitlose Sch\u00f6nheitsikone, pflegte mit einer d\u00fcnnen Goldmaske auf dem Gesicht zu schlafen, um die legend\u00e4re Sch\u00f6nheit ihrer Haut zu bewahren.<\/p>\n\n\n\n<p>Nach ihr machten auch die Matronen des alten Roms &#8211; \u00fcberzeugt davon, dass Gold die Durchblutung verbessert, die Drainage f\u00f6rdert und die Epidermis regeneriert &#8211; ausgiebig Gebrauch von zersto\u00dfenem Gold in Puderform, um die Wirksamkeit von Balsamen und Salben zu verbessern.<\/p>\n\n\n\n<p>Zwei Jahrtausende sp\u00e4ter ist Kleopatras Sch\u00f6nheitsgeheimnis zur bevorzugten Beauty-Routine der coolsten Supermodels und Mode-Influencer geworden: Unz\u00e4hlige Instagram-Posts erz\u00e4hlen von der Leidenschaft f\u00fcr Blattgold-Gesichtsmasken von Bar Rafaeli, Irina Shayk, Chiara Ferragni und Kaia Gerber.<\/p>\n\n\n\n<p>Das t\u00e4gliche Sch\u00f6nheitsritual der zeitlosen Jennifer Aniston hingegen ist von der chinesischen Kaiserin Cixi inspiriert, die die Zeichen der M\u00fcdigkeit bek\u00e4mpfte, indem sie ihr Gesicht und ihren Hals t\u00e4glich mit einem Goldroller massierte.<\/p>\n\n\n\n<p>Auch wenn es immer noch einen Hauch von Exklusivit\u00e4t hatte, ist kosmetisches Gold heute ein Luxus, der f\u00fcr viele erschwinglich ist. Die Experten sind sich einig, dass Gold-Nanopartikel die F\u00e4higkeit haben, die Wirkstoffe von Anti-Falten-Cremes und Seren f\u00fcr die Hautpflege zu stabilisieren und wirksamer zu machen.<\/p>\n\n\n\n<figure class=\"wp-block-gallery has-nested-images columns-default is-cropped wp-block-gallery-1 is-layout-flex wp-block-gallery-is-layout-flex\">\n<figure class=\"wp-block-image size-large\"><img loading=\"lazy\" decoding=\"async\" width=\"1024\" height=\"1024\" data-id=\"7371\" src=\"https:\/\/www.manetti.com\/wp-content\/uploads\/2020\/03\/MNT_2294_1920a-1-1024x1024.jpg\" alt=\"\" class=\"wp-image-7371\" srcset=\"https:\/\/www.manetti.com\/wp-content\/uploads\/2020\/03\/MNT_2294_1920a-1-1024x1024.jpg 1024w, https:\/\/www.manetti.com\/wp-content\/uploads\/2020\/03\/MNT_2294_1920a-1-300x300.jpg 300w, https:\/\/www.manetti.com\/wp-content\/uploads\/2020\/03\/MNT_2294_1920a-1-150x150.jpg 150w, https:\/\/www.manetti.com\/wp-content\/uploads\/2020\/03\/MNT_2294_1920a-1-768x768.jpg 768w, https:\/\/www.manetti.com\/wp-content\/uploads\/2020\/03\/MNT_2294_1920a-1-600x600.jpg 600w, https:\/\/www.manetti.com\/wp-content\/uploads\/2020\/03\/MNT_2294_1920a-1-100x100.jpg 100w, https:\/\/www.manetti.com\/wp-content\/uploads\/2020\/03\/MNT_2294_1920a-1.jpg 1422w\" sizes=\"auto, (max-width: 1024px) 100vw, 1024px\" \/><\/figure>\n\n\n\n<figure class=\"wp-block-image size-large\"><img loading=\"lazy\" decoding=\"async\" width=\"1024\" height=\"683\" data-id=\"7374\" src=\"https:\/\/www.manetti.com\/wp-content\/uploads\/2020\/04\/1_Trattamenti_Homepage1_1920-1024x683.jpg\" alt=\"\" class=\"wp-image-7374\" srcset=\"https:\/\/www.manetti.com\/wp-content\/uploads\/2020\/04\/1_Trattamenti_Homepage1_1920-1024x683.jpg 1024w, https:\/\/www.manetti.com\/wp-content\/uploads\/2020\/04\/1_Trattamenti_Homepage1_1920-300x200.jpg 300w, https:\/\/www.manetti.com\/wp-content\/uploads\/2020\/04\/1_Trattamenti_Homepage1_1920-768x512.jpg 768w, https:\/\/www.manetti.com\/wp-content\/uploads\/2020\/04\/1_Trattamenti_Homepage1_1920-1536x1025.jpg 1536w, https:\/\/www.manetti.com\/wp-content\/uploads\/2020\/04\/1_Trattamenti_Homepage1_1920-600x400.jpg 600w, https:\/\/www.manetti.com\/wp-content\/uploads\/2020\/04\/1_Trattamenti_Homepage1_1920.jpg 1920w\" sizes=\"auto, (max-width: 1024px) 100vw, 1024px\" \/><\/figure>\n<\/figure>\n\n\n\n<div class=\"wp-block-columns is-layout-flex wp-container-core-columns-is-layout-1 wp-block-columns-is-layout-flex\">\n<div class=\"wp-block-column is-layout-flow wp-block-column-is-layout-flow\"><\/div>\n\n\n\n<div class=\"wp-block-column is-layout-flow wp-block-column-is-layout-flow\"><\/div>\n<\/div>\n\n\n\n<p><strong><a href=\"http:\/\/beautygold.shop\/beauty-gold\/trattamenti\/\" target=\"_blank\" rel=\"noreferrer noopener\"><span style=\"color:#c39f5f\" class=\"has-inline-color\"><strong>Machen Sie Kleopatras Geheimnis zu Ihrem eigenen<\/strong><\/span><\/a><\/strong><\/p>\n\n\n\n<p>Neben Gesichts- und K\u00f6rperbehandlungen werden Gold und Silber zunehmend als Make-up verwendet, um Gesichtern, Haaren und N\u00e4geln einen Hauch von Licht und unvergleichlichem Glanz zu verleihen. Im Jahr 2013 verbl\u00fcffte die bekannte Make-up-K\u00fcnstlerin Pat McGrath alle, indem sie die Augen der Models bei der Pariser Fashion Week Show von Christian Dior mit Gold verzierte. Im Jahr 2014 w\u00e4hlte Chanel kleine goldene Bl\u00fctenbl\u00e4tter, die im inneren Augenwinkel aufgetragen wurden, um den Augen der Topmodels bei der Dubai Cruise Show einen unwiderstehlichen Magnetismus zu verleihen. Und im September 2019, auf der Mail\u00e4nder Modewoche, inszenierte das Maison Valentino ein beispielloses Gold-Make-up, das dem Ruf als Sch\u00f6pfer von Tr\u00e4umen, der den Designer Pier Paolo Piccioli seit jeher begleitet, gerecht wird.<\/p>\n\n\n\n<p>Die Leidenschaft f\u00fcr Puder, Glitzer, Bl\u00fctenbl\u00e4tter und Gold geht auch abseits der Laufstege weiter: Supertop Gigi Hadid g\u00f6nnte sich zur Feier ihres 23. Geburtstags einen echten Juwelen-Look und umrahmte ihre Augen mit einem dichten Geflecht aus goldenen Strohhalmen.<\/p>\n\n\n\n<p>F\u00fcr diejenigen, die nicht auf den roten Teppichen unterwegs sind, hier die Ratschl\u00e4ge von Make-up Artist Dick Page: &#8220;Wenn Sie kleine Augen \u00f6ffnen m\u00f6chten, tragen Sie Gold auf den inneren Augenwinkel auf. Wenn Sie die Augenlider anheben m\u00f6chten, tragen Sie es im \u00e4u\u00dferen Augenwinkel auf\u201c. Alles, was Sie tun m\u00fcssen, ist es zu versuchen.<\/p>\n\n\n\n<figure class=\"wp-block-gallery has-nested-images columns-default is-cropped wp-block-gallery-2 is-layout-flex wp-block-gallery-is-layout-flex\">\n<figure class=\"wp-block-image size-large\"><img loading=\"lazy\" decoding=\"async\" width=\"767\" height=\"1024\" data-id=\"7376\" src=\"https:\/\/www.manetti.com\/wp-content\/uploads\/2020\/04\/5_MNT_1944_1920-767x1024.jpg\" alt=\"\" class=\"wp-image-7376\" srcset=\"https:\/\/www.manetti.com\/wp-content\/uploads\/2020\/04\/5_MNT_1944_1920-767x1024.jpg 767w, https:\/\/www.manetti.com\/wp-content\/uploads\/2020\/04\/5_MNT_1944_1920-225x300.jpg 225w, https:\/\/www.manetti.com\/wp-content\/uploads\/2020\/04\/5_MNT_1944_1920-768x1025.jpg 768w, https:\/\/www.manetti.com\/wp-content\/uploads\/2020\/04\/5_MNT_1944_1920-1151x1536.jpg 1151w, https:\/\/www.manetti.com\/wp-content\/uploads\/2020\/04\/5_MNT_1944_1920-600x801.jpg 600w, https:\/\/www.manetti.com\/wp-content\/uploads\/2020\/04\/5_MNT_1944_1920.jpg 1439w\" sizes=\"auto, (max-width: 767px) 100vw, 767px\" \/><\/figure>\n\n\n\n<figure class=\"wp-block-image size-large\"><img loading=\"lazy\" decoding=\"async\" width=\"1024\" height=\"768\" data-id=\"7378\" src=\"https:\/\/www.manetti.com\/wp-content\/uploads\/2020\/04\/7_MakeUp_Homepage_1920-1024x768.jpg\" alt=\"\" class=\"wp-image-7378\" srcset=\"https:\/\/www.manetti.com\/wp-content\/uploads\/2020\/04\/7_MakeUp_Homepage_1920-1024x768.jpg 1024w, https:\/\/www.manetti.com\/wp-content\/uploads\/2020\/04\/7_MakeUp_Homepage_1920-300x225.jpg 300w, https:\/\/www.manetti.com\/wp-content\/uploads\/2020\/04\/7_MakeUp_Homepage_1920-768x576.jpg 768w, https:\/\/www.manetti.com\/wp-content\/uploads\/2020\/04\/7_MakeUp_Homepage_1920-1536x1152.jpg 1536w, https:\/\/www.manetti.com\/wp-content\/uploads\/2020\/04\/7_MakeUp_Homepage_1920-600x450.jpg 600w, https:\/\/www.manetti.com\/wp-content\/uploads\/2020\/04\/7_MakeUp_Homepage_1920.jpg 1920w\" sizes=\"auto, (max-width: 1024px) 100vw, 1024px\" \/><\/figure>\n<\/figure>\n\n\n\n<p><strong><a href=\"http:\/\/beautygold.shop\/beauty-gold\/make-up\/\" target=\"_blank\" rel=\"noreferrer noopener\"><span style=\"color:#c39f5f\" class=\"has-inline-color\"><strong>Finden Sie heraus, wie Sie das Beauty Gold Make-up-Sortiment verwenden k\u00f6nnen<\/strong><\/span><\/a><\/strong><\/p>\n\n\n\n<p><\/p>\n","protected":false},"excerpt":{"rendered":"<p>Das erste Zeugnis ante litteram f\u00fcr die Verwendung von Gold in Kosmetika war Kleopatra: Die \u00e4gyptische K\u00f6nigin, eine echte zeitlose Sch\u00f6nheitsikone, pflegte mit einer d\u00fcnnen Goldmaske auf dem Gesicht zu schlafen, um die legend\u00e4re Sch\u00f6nheit ihrer Haut zu bewahren. Nach ihr machten auch die Matronen des alten Roms &#8211; \u00fcberzeugt davon, dass Gold die Durchblutung [&#8230;]<\/p>\n<p><a class=\"btn btn-secondary understrap-read-more-link\" href=\"https:\/\/www.manetti.com\/de\/24kt-pracht-fuer-gesicht-und-koerper\/\">Weiterlesen&#8230;<\/a><\/p>\n","protected":false},"author":1,"featured_media":44886,"comment_status":"closed","ping_status":"closed","sticky":false,"template":"","format":"standard","meta":{"_acf_changed":false,"mc4wp_mailchimp_campaign":[],"footnotes":""},"categories":[336],"tags":[],"class_list":["post-44884","post","type-post","status-publish","format-standard","has-post-thumbnail","hentry","category-wikigold-de"],"acf":[],"yoast_head":"<!-- This site is optimized with the Yoast SEO plugin v26.5 - https:\/\/yoast.com\/wordpress\/plugins\/seo\/ -->\n<title>24KT PRACHT F\u00dcR GESICHT UND K\u00d6RPER | Giusto Manetti Battiloro<\/title>\n<meta name=\"robots\" content=\"index, follow, max-snippet:-1, max-image-preview:large, max-video-preview:-1\" \/>\n<link rel=\"canonical\" href=\"https:\/\/www.manetti.com\/de\/24kt-pracht-fuer-gesicht-und-koerper\/\" \/>\n<meta property=\"og:locale\" content=\"de_DE\" \/>\n<meta property=\"og:type\" content=\"article\" \/>\n<meta property=\"og:title\" content=\"24KT PRACHT F\u00dcR GESICHT UND K\u00d6RPER | Giusto Manetti Battiloro\" \/>\n<meta property=\"og:description\" content=\"Das erste Zeugnis ante litteram f\u00fcr die Verwendung von Gold in Kosmetika war Kleopatra: Die \u00e4gyptische K\u00f6nigin, eine echte zeitlose Sch\u00f6nheitsikone, pflegte mit einer d\u00fcnnen Goldmaske auf dem Gesicht zu schlafen, um die legend\u00e4re Sch\u00f6nheit ihrer Haut zu bewahren. Nach ihr machten auch die Matronen des alten Roms &#8211; \u00fcberzeugt davon, dass Gold die Durchblutung [...]Weiterlesen...\" \/>\n<meta property=\"og:url\" content=\"https:\/\/www.manetti.com\/de\/24kt-pracht-fuer-gesicht-und-koerper\/\" \/>\n<meta property=\"og:site_name\" content=\"Giusto Manetti Battiloro\" \/>\n<meta property=\"article:publisher\" content=\"https:\/\/www.facebook.com\/giustomanettibattiloro\" \/>\n<meta property=\"article:published_time\" content=\"2020-03-06T15:24:38+00:00\" \/>\n<meta property=\"article:modified_time\" content=\"2023-04-27T09:32:37+00:00\" \/>\n<meta property=\"og:image\" content=\"https:\/\/www.manetti.com\/wp-content\/uploads\/2020\/03\/MNT_2294_1920a-1.jpg\" \/>\n\t<meta property=\"og:image:width\" content=\"1422\" \/>\n\t<meta property=\"og:image:height\" content=\"1422\" \/>\n\t<meta property=\"og:image:type\" content=\"image\/jpeg\" \/>\n<meta name=\"author\" content=\"s.benvenuti\" \/>\n<meta name=\"twitter:card\" content=\"summary_large_image\" \/>\n<meta name=\"twitter:label1\" content=\"Verfasst von\" \/>\n\t<meta name=\"twitter:data1\" content=\"s.benvenuti\" \/>\n\t<meta name=\"twitter:label2\" content=\"Gesch\u00e4tzte Lesezeit\" \/>\n\t<meta name=\"twitter:data2\" content=\"3\u00a0Minuten\" \/>\n<script type=\"application\/ld+json\" class=\"yoast-schema-graph\">{\"@context\":\"https:\/\/schema.org\",\"@graph\":[{\"@type\":\"Article\",\"@id\":\"https:\/\/www.manetti.com\/de\/24kt-pracht-fuer-gesicht-und-koerper\/#article\",\"isPartOf\":{\"@id\":\"https:\/\/www.manetti.com\/de\/24kt-pracht-fuer-gesicht-und-koerper\/\"},\"author\":{\"name\":\"s.benvenuti\",\"@id\":\"https:\/\/www.manetti.com\/de\/#\/schema\/person\/d163c6a9bfd9b824aed91961e20d5bbb\"},\"headline\":\"24KT PRACHT F\u00dcR GESICHT UND K\u00d6RPER\",\"datePublished\":\"2020-03-06T15:24:38+00:00\",\"dateModified\":\"2023-04-27T09:32:37+00:00\",\"mainEntityOfPage\":{\"@id\":\"https:\/\/www.manetti.com\/de\/24kt-pracht-fuer-gesicht-und-koerper\/\"},\"wordCount\":465,\"publisher\":{\"@id\":\"https:\/\/www.manetti.com\/de\/#organization\"},\"image\":{\"@id\":\"https:\/\/www.manetti.com\/de\/24kt-pracht-fuer-gesicht-und-koerper\/#primaryimage\"},\"thumbnailUrl\":\"https:\/\/www.manetti.com\/wp-content\/uploads\/2020\/03\/MNT_2294_1920a-1.jpg\",\"articleSection\":[\"Wikigold\"],\"inLanguage\":\"de\"},{\"@type\":\"WebPage\",\"@id\":\"https:\/\/www.manetti.com\/de\/24kt-pracht-fuer-gesicht-und-koerper\/\",\"url\":\"https:\/\/www.manetti.com\/de\/24kt-pracht-fuer-gesicht-und-koerper\/\",\"name\":\"24KT PRACHT F\u00dcR GESICHT UND K\u00d6RPER | Giusto Manetti Battiloro\",\"isPartOf\":{\"@id\":\"https:\/\/www.manetti.com\/de\/#website\"},\"primaryImageOfPage\":{\"@id\":\"https:\/\/www.manetti.com\/de\/24kt-pracht-fuer-gesicht-und-koerper\/#primaryimage\"},\"image\":{\"@id\":\"https:\/\/www.manetti.com\/de\/24kt-pracht-fuer-gesicht-und-koerper\/#primaryimage\"},\"thumbnailUrl\":\"https:\/\/www.manetti.com\/wp-content\/uploads\/2020\/03\/MNT_2294_1920a-1.jpg\",\"datePublished\":\"2020-03-06T15:24:38+00:00\",\"dateModified\":\"2023-04-27T09:32:37+00:00\",\"inLanguage\":\"de\",\"potentialAction\":[{\"@type\":\"ReadAction\",\"target\":[\"https:\/\/www.manetti.com\/de\/24kt-pracht-fuer-gesicht-und-koerper\/\"]}]},{\"@type\":\"ImageObject\",\"inLanguage\":\"de\",\"@id\":\"https:\/\/www.manetti.com\/de\/24kt-pracht-fuer-gesicht-und-koerper\/#primaryimage\",\"url\":\"https:\/\/www.manetti.com\/wp-content\/uploads\/2020\/03\/MNT_2294_1920a-1.jpg\",\"contentUrl\":\"https:\/\/www.manetti.com\/wp-content\/uploads\/2020\/03\/MNT_2294_1920a-1.jpg\",\"width\":1422,\"height\":1422},{\"@type\":\"WebSite\",\"@id\":\"https:\/\/www.manetti.com\/de\/#website\",\"url\":\"https:\/\/www.manetti.com\/de\/\",\"name\":\"Giusto Manetti Battiloro\",\"description\":\"\",\"publisher\":{\"@id\":\"https:\/\/www.manetti.com\/de\/#organization\"},\"potentialAction\":[{\"@type\":\"SearchAction\",\"target\":{\"@type\":\"EntryPoint\",\"urlTemplate\":\"https:\/\/www.manetti.com\/de\/?s={search_term_string}\"},\"query-input\":{\"@type\":\"PropertyValueSpecification\",\"valueRequired\":true,\"valueName\":\"search_term_string\"}}],\"inLanguage\":\"de\"},{\"@type\":\"Organization\",\"@id\":\"https:\/\/www.manetti.com\/de\/#organization\",\"name\":\"GIUSTO MANETTI BATTILORO S.P.A.\",\"url\":\"https:\/\/www.manetti.com\/de\/\",\"logo\":{\"@type\":\"ImageObject\",\"inLanguage\":\"de\",\"@id\":\"https:\/\/www.manetti.com\/de\/#\/schema\/logo\/image\/\",\"url\":\"https:\/\/www.manetti.com\/wp-content\/uploads\/2025\/02\/giusto-manetti-blu_300-02.png\",\"contentUrl\":\"https:\/\/www.manetti.com\/wp-content\/uploads\/2025\/02\/giusto-manetti-blu_300-02.png\",\"width\":1123,\"height\":1093,\"caption\":\"GIUSTO MANETTI BATTILORO S.P.A.\"},\"image\":{\"@id\":\"https:\/\/www.manetti.com\/de\/#\/schema\/logo\/image\/\"},\"sameAs\":[\"https:\/\/www.facebook.com\/giustomanettibattiloro\",\"https:\/\/www.instagram.com\/giustomanettibattiloro\/\",\"https:\/\/www.linkedin.com\/company\/giusto-manetti-battiloro-s-p-a-\/\",\"https:\/\/www.youtube.com\/user\/ManettiBattiloro\"]},{\"@type\":\"Person\",\"@id\":\"https:\/\/www.manetti.com\/de\/#\/schema\/person\/d163c6a9bfd9b824aed91961e20d5bbb\",\"name\":\"s.benvenuti\",\"image\":{\"@type\":\"ImageObject\",\"inLanguage\":\"de\",\"@id\":\"https:\/\/www.manetti.com\/de\/#\/schema\/person\/image\/\",\"url\":\"https:\/\/secure.gravatar.com\/avatar\/e31fd423b61567c415dcbe6480c0f716?s=96&d=mm&r=g\",\"contentUrl\":\"https:\/\/secure.gravatar.com\/avatar\/e31fd423b61567c415dcbe6480c0f716?s=96&d=mm&r=g\",\"caption\":\"s.benvenuti\"}}]}<\/script>\n<!-- \/ Yoast SEO plugin. -->","yoast_head_json":{"title":"24KT PRACHT F\u00dcR GESICHT UND K\u00d6RPER | Giusto Manetti Battiloro","robots":{"index":"index","follow":"follow","max-snippet":"max-snippet:-1","max-image-preview":"max-image-preview:large","max-video-preview":"max-video-preview:-1"},"canonical":"https:\/\/www.manetti.com\/de\/24kt-pracht-fuer-gesicht-und-koerper\/","og_locale":"de_DE","og_type":"article","og_title":"24KT PRACHT F\u00dcR GESICHT UND K\u00d6RPER | Giusto Manetti Battiloro","og_description":"Das erste Zeugnis ante litteram f\u00fcr die Verwendung von Gold in Kosmetika war Kleopatra: Die \u00e4gyptische K\u00f6nigin, eine echte zeitlose Sch\u00f6nheitsikone, pflegte mit einer d\u00fcnnen Goldmaske auf dem Gesicht zu schlafen, um die legend\u00e4re Sch\u00f6nheit ihrer Haut zu bewahren. Nach ihr machten auch die Matronen des alten Roms &#8211; \u00fcberzeugt davon, dass Gold die Durchblutung [...]Weiterlesen...","og_url":"https:\/\/www.manetti.com\/de\/24kt-pracht-fuer-gesicht-und-koerper\/","og_site_name":"Giusto Manetti Battiloro","article_publisher":"https:\/\/www.facebook.com\/giustomanettibattiloro","article_published_time":"2020-03-06T15:24:38+00:00","article_modified_time":"2023-04-27T09:32:37+00:00","og_image":[{"width":1422,"height":1422,"url":"https:\/\/www.manetti.com\/wp-content\/uploads\/2020\/03\/MNT_2294_1920a-1.jpg","type":"image\/jpeg"}],"author":"s.benvenuti","twitter_card":"summary_large_image","twitter_misc":{"Verfasst von":"s.benvenuti","Gesch\u00e4tzte Lesezeit":"3\u00a0Minuten"},"schema":{"@context":"https:\/\/schema.org","@graph":[{"@type":"Article","@id":"https:\/\/www.manetti.com\/de\/24kt-pracht-fuer-gesicht-und-koerper\/#article","isPartOf":{"@id":"https:\/\/www.manetti.com\/de\/24kt-pracht-fuer-gesicht-und-koerper\/"},"author":{"name":"s.benvenuti","@id":"https:\/\/www.manetti.com\/de\/#\/schema\/person\/d163c6a9bfd9b824aed91961e20d5bbb"},"headline":"24KT PRACHT F\u00dcR GESICHT UND K\u00d6RPER","datePublished":"2020-03-06T15:24:38+00:00","dateModified":"2023-04-27T09:32:37+00:00","mainEntityOfPage":{"@id":"https:\/\/www.manetti.com\/de\/24kt-pracht-fuer-gesicht-und-koerper\/"},"wordCount":465,"publisher":{"@id":"https:\/\/www.manetti.com\/de\/#organization"},"image":{"@id":"https:\/\/www.manetti.com\/de\/24kt-pracht-fuer-gesicht-und-koerper\/#primaryimage"},"thumbnailUrl":"https:\/\/www.manetti.com\/wp-content\/uploads\/2020\/03\/MNT_2294_1920a-1.jpg","articleSection":["Wikigold"],"inLanguage":"de"},{"@type":"WebPage","@id":"https:\/\/www.manetti.com\/de\/24kt-pracht-fuer-gesicht-und-koerper\/","url":"https:\/\/www.manetti.com\/de\/24kt-pracht-fuer-gesicht-und-koerper\/","name":"24KT PRACHT F\u00dcR GESICHT UND K\u00d6RPER | Giusto Manetti Battiloro","isPartOf":{"@id":"https:\/\/www.manetti.com\/de\/#website"},"primaryImageOfPage":{"@id":"https:\/\/www.manetti.com\/de\/24kt-pracht-fuer-gesicht-und-koerper\/#primaryimage"},"image":{"@id":"https:\/\/www.manetti.com\/de\/24kt-pracht-fuer-gesicht-und-koerper\/#primaryimage"},"thumbnailUrl":"https:\/\/www.manetti.com\/wp-content\/uploads\/2020\/03\/MNT_2294_1920a-1.jpg","datePublished":"2020-03-06T15:24:38+00:00","dateModified":"2023-04-27T09:32:37+00:00","inLanguage":"de","potentialAction":[{"@type":"ReadAction","target":["https:\/\/www.manetti.com\/de\/24kt-pracht-fuer-gesicht-und-koerper\/"]}]},{"@type":"ImageObject","inLanguage":"de","@id":"https:\/\/www.manetti.com\/de\/24kt-pracht-fuer-gesicht-und-koerper\/#primaryimage","url":"https:\/\/www.manetti.com\/wp-content\/uploads\/2020\/03\/MNT_2294_1920a-1.jpg","contentUrl":"https:\/\/www.manetti.com\/wp-content\/uploads\/2020\/03\/MNT_2294_1920a-1.jpg","width":1422,"height":1422},{"@type":"WebSite","@id":"https:\/\/www.manetti.com\/de\/#website","url":"https:\/\/www.manetti.com\/de\/","name":"Giusto Manetti Battiloro","description":"","publisher":{"@id":"https:\/\/www.manetti.com\/de\/#organization"},"potentialAction":[{"@type":"SearchAction","target":{"@type":"EntryPoint","urlTemplate":"https:\/\/www.manetti.com\/de\/?s={search_term_string}"},"query-input":{"@type":"PropertyValueSpecification","valueRequired":true,"valueName":"search_term_string"}}],"inLanguage":"de"},{"@type":"Organization","@id":"https:\/\/www.manetti.com\/de\/#organization","name":"GIUSTO MANETTI BATTILORO S.P.A.","url":"https:\/\/www.manetti.com\/de\/","logo":{"@type":"ImageObject","inLanguage":"de","@id":"https:\/\/www.manetti.com\/de\/#\/schema\/logo\/image\/","url":"https:\/\/www.manetti.com\/wp-content\/uploads\/2025\/02\/giusto-manetti-blu_300-02.png","contentUrl":"https:\/\/www.manetti.com\/wp-content\/uploads\/2025\/02\/giusto-manetti-blu_300-02.png","width":1123,"height":1093,"caption":"GIUSTO MANETTI BATTILORO S.P.A."},"image":{"@id":"https:\/\/www.manetti.com\/de\/#\/schema\/logo\/image\/"},"sameAs":["https:\/\/www.facebook.com\/giustomanettibattiloro","https:\/\/www.instagram.com\/giustomanettibattiloro\/","https:\/\/www.linkedin.com\/company\/giusto-manetti-battiloro-s-p-a-\/","https:\/\/www.youtube.com\/user\/ManettiBattiloro"]},{"@type":"Person","@id":"https:\/\/www.manetti.com\/de\/#\/schema\/person\/d163c6a9bfd9b824aed91961e20d5bbb","name":"s.benvenuti","image":{"@type":"ImageObject","inLanguage":"de","@id":"https:\/\/www.manetti.com\/de\/#\/schema\/person\/image\/","url":"https:\/\/secure.gravatar.com\/avatar\/e31fd423b61567c415dcbe6480c0f716?s=96&d=mm&r=g","contentUrl":"https:\/\/secure.gravatar.com\/avatar\/e31fd423b61567c415dcbe6480c0f716?s=96&d=mm&r=g","caption":"s.benvenuti"}}]}},"_links":{"self":[{"href":"https:\/\/www.manetti.com\/de\/wp-json\/wp\/v2\/posts\/44884","targetHints":{"allow":["GET"]}}],"collection":[{"href":"https:\/\/www.manetti.com\/de\/wp-json\/wp\/v2\/posts"}],"about":[{"href":"https:\/\/www.manetti.com\/de\/wp-json\/wp\/v2\/types\/post"}],"author":[{"embeddable":true,"href":"https:\/\/www.manetti.com\/de\/wp-json\/wp\/v2\/users\/1"}],"replies":[{"embeddable":true,"href":"https:\/\/www.manetti.com\/de\/wp-json\/wp\/v2\/comments?post=44884"}],"version-history":[{"count":0,"href":"https:\/\/www.manetti.com\/de\/wp-json\/wp\/v2\/posts\/44884\/revisions"}],"wp:featuredmedia":[{"embeddable":true,"href":"https:\/\/www.manetti.com\/de\/wp-json\/wp\/v2\/media\/44886"}],"wp:attachment":[{"href":"https:\/\/www.manetti.com\/de\/wp-json\/wp\/v2\/media?parent=44884"}],"wp:term":[{"taxonomy":"category","embeddable":true,"href":"https:\/\/www.manetti.com\/de\/wp-json\/wp\/v2\/categories?post=44884"},{"taxonomy":"post_tag","embeddable":true,"href":"https:\/\/www.manetti.com\/de\/wp-json\/wp\/v2\/tags?post=44884"}],"curies":[{"name":"wp","href":"https:\/\/api.w.org\/{rel}","templated":true}]}}