{"id":467,"count":5,"description":"Im Jahr 2022 haben wir unsere Produktlinie f\u00fcr die\u00a0<strong>Linie Bildende Kunst<\/strong>\u00a0eingef\u00fchrt, die speziell entwickelt wurde, um Kunstgesch\u00e4ften zu erm\u00f6glichen, eine umfassende Palette an Vergoldungsprodukten in idealen Mengen f\u00fcr eine Zielkundschaft von Studenten, Hobbyisten und Profis anzubieten.\r\n\r\nDiese Produktlinie wurde entwickelt, um\u00a0<strong>klar und einfach<\/strong>\u00a0zu sein. Jede Phase der Vergoldung ist durch eine spezifische Farbe gekennzeichnet, um das Verst\u00e4ndnis der verschiedenen Techniken zu verbessern. Jede Farbe umfasst eine umfassende Auswahl an Produkten f\u00fcr die spezifische Phase, die sie repr\u00e4sentiert: von der Wasser-Vergoldung \u00fcber die \u00d6l-Vergoldung bis hin zur Endbearbeitung und Versiegelung.","link":"https:\/\/www.manetti.com\/de\/categoria-prodotto\/bildende-kunst\/","name":"Vergoldung","slug":"bildende-kunst","taxonomy":"product_cat","parent":499,"meta":[],"acf":[],"yoast_head":"<!-- This site is optimized with the Yoast SEO plugin v26.5 - https:\/\/yoast.com\/wordpress\/plugins\/seo\/ -->\n<title>Vergoldung | Manetti<\/title>\n<meta name=\"robots\" content=\"noindex, follow\" \/>\n<meta property=\"og:locale\" content=\"de_DE\" \/>\n<meta property=\"og:type\" content=\"article\" \/>\n<meta property=\"og:title\" content=\"Vergoldung | Manetti\" \/>\n<meta property=\"og:description\" content=\"Im Jahr 2022 haben wir unsere Produktlinie f\u00fcr die\u00a0Linie Bildende Kunst\u00a0eingef\u00fchrt, die speziell entwickelt wurde, um Kunstgesch\u00e4ften zu erm\u00f6glichen, eine umfassende Palette an Vergoldungsprodukten in idealen Mengen f\u00fcr eine Zielkundschaft von Studenten, Hobbyisten und Profis anzubieten. Diese Produktlinie wurde entwickelt, um\u00a0klar und einfach\u00a0zu sein. Jede Phase der Vergoldung ist durch eine spezifische Farbe gekennzeichnet, um das Verst\u00e4ndnis der verschiedenen Techniken zu verbessern. Jede Farbe umfasst eine umfassende Auswahl an Produkten f\u00fcr die spezifische Phase, die sie repr\u00e4sentiert: von der Wasser-Vergoldung \u00fcber die \u00d6l-Vergoldung bis hin zur Endbearbeitung und Versiegelung.\" \/>\n<meta property=\"og:url\" content=\"https:\/\/www.manetti.com\/de\/categoria-prodotto\/bildende-kunst\/\" \/>\n<meta property=\"og:site_name\" content=\"Giusto Manetti Battiloro\" \/>\n<meta name=\"twitter:card\" content=\"summary_large_image\" \/>\n<script type=\"application\/ld+json\" class=\"yoast-schema-graph\">{\"@context\":\"https:\/\/schema.org\",\"@graph\":[{\"@type\":\"CollectionPage\",\"@id\":\"https:\/\/www.manetti.com\/de\/categoria-prodotto\/bildende-kunst\/\",\"url\":\"https:\/\/www.manetti.com\/de\/categoria-prodotto\/bildende-kunst\/\",\"name\":\"Vergoldung | Manetti\",\"isPartOf\":{\"@id\":\"https:\/\/www.manetti.com\/de\/#website\"},\"inLanguage\":\"de\"},{\"@type\":\"WebSite\",\"@id\":\"https:\/\/www.manetti.com\/de\/#website\",\"url\":\"https:\/\/www.manetti.com\/de\/\",\"name\":\"Giusto Manetti Battiloro\",\"description\":\"\",\"publisher\":{\"@id\":\"https:\/\/www.manetti.com\/de\/#organization\"},\"potentialAction\":[{\"@type\":\"SearchAction\",\"target\":{\"@type\":\"EntryPoint\",\"urlTemplate\":\"https:\/\/www.manetti.com\/de\/?s={search_term_string}\"},\"query-input\":{\"@type\":\"PropertyValueSpecification\",\"valueRequired\":true,\"valueName\":\"search_term_string\"}}],\"inLanguage\":\"de\"},{\"@type\":\"Organization\",\"@id\":\"https:\/\/www.manetti.com\/de\/#organization\",\"name\":\"GIUSTO MANETTI BATTILORO S.P.A.\",\"url\":\"https:\/\/www.manetti.com\/de\/\",\"logo\":{\"@type\":\"ImageObject\",\"inLanguage\":\"de\",\"@id\":\"https:\/\/www.manetti.com\/de\/#\/schema\/logo\/image\/\",\"url\":\"https:\/\/www.manetti.com\/wp-content\/uploads\/2025\/02\/giusto-manetti-blu_300-02.png\",\"contentUrl\":\"https:\/\/www.manetti.com\/wp-content\/uploads\/2025\/02\/giusto-manetti-blu_300-02.png\",\"width\":1123,\"height\":1093,\"caption\":\"GIUSTO MANETTI BATTILORO S.P.A.\"},\"image\":{\"@id\":\"https:\/\/www.manetti.com\/de\/#\/schema\/logo\/image\/\"},\"sameAs\":[\"https:\/\/www.facebook.com\/giustomanettibattiloro\",\"https:\/\/www.instagram.com\/giustomanettibattiloro\/\",\"https:\/\/www.linkedin.com\/company\/giusto-manetti-battiloro-s-p-a-\/\",\"https:\/\/www.youtube.com\/user\/ManettiBattiloro\"]}]}<\/script>\n<!-- \/ Yoast SEO plugin. -->","yoast_head_json":{"title":"Vergoldung | Manetti","robots":{"index":"noindex","follow":"follow"},"og_locale":"de_DE","og_type":"article","og_title":"Vergoldung | Manetti","og_description":"Im Jahr 2022 haben wir unsere Produktlinie f\u00fcr die\u00a0Linie Bildende Kunst\u00a0eingef\u00fchrt, die speziell entwickelt wurde, um Kunstgesch\u00e4ften zu erm\u00f6glichen, eine umfassende Palette an Vergoldungsprodukten in idealen Mengen f\u00fcr eine Zielkundschaft von Studenten, Hobbyisten und Profis anzubieten. Diese Produktlinie wurde entwickelt, um\u00a0klar und einfach\u00a0zu sein. Jede Phase der Vergoldung ist durch eine spezifische Farbe gekennzeichnet, um das Verst\u00e4ndnis der verschiedenen Techniken zu verbessern. Jede Farbe umfasst eine umfassende Auswahl an Produkten f\u00fcr die spezifische Phase, die sie repr\u00e4sentiert: von der Wasser-Vergoldung \u00fcber die \u00d6l-Vergoldung bis hin zur Endbearbeitung und Versiegelung.","og_url":"https:\/\/www.manetti.com\/de\/categoria-prodotto\/bildende-kunst\/","og_site_name":"Giusto Manetti Battiloro","twitter_card":"summary_large_image","schema":{"@context":"https:\/\/schema.org","@graph":[{"@type":"CollectionPage","@id":"https:\/\/www.manetti.com\/de\/categoria-prodotto\/bildende-kunst\/","url":"https:\/\/www.manetti.com\/de\/categoria-prodotto\/bildende-kunst\/","name":"Vergoldung | Manetti","isPartOf":{"@id":"https:\/\/www.manetti.com\/de\/#website"},"inLanguage":"de"},{"@type":"WebSite","@id":"https:\/\/www.manetti.com\/de\/#website","url":"https:\/\/www.manetti.com\/de\/","name":"Giusto Manetti Battiloro","description":"","publisher":{"@id":"https:\/\/www.manetti.com\/de\/#organization"},"potentialAction":[{"@type":"SearchAction","target":{"@type":"EntryPoint","urlTemplate":"https:\/\/www.manetti.com\/de\/?s={search_term_string}"},"query-input":{"@type":"PropertyValueSpecification","valueRequired":true,"valueName":"search_term_string"}}],"inLanguage":"de"},{"@type":"Organization","@id":"https:\/\/www.manetti.com\/de\/#organization","name":"GIUSTO MANETTI BATTILORO S.P.A.","url":"https:\/\/www.manetti.com\/de\/","logo":{"@type":"ImageObject","inLanguage":"de","@id":"https:\/\/www.manetti.com\/de\/#\/schema\/logo\/image\/","url":"https:\/\/www.manetti.com\/wp-content\/uploads\/2025\/02\/giusto-manetti-blu_300-02.png","contentUrl":"https:\/\/www.manetti.com\/wp-content\/uploads\/2025\/02\/giusto-manetti-blu_300-02.png","width":1123,"height":1093,"caption":"GIUSTO MANETTI BATTILORO S.P.A."},"image":{"@id":"https:\/\/www.manetti.com\/de\/#\/schema\/logo\/image\/"},"sameAs":["https:\/\/www.facebook.com\/giustomanettibattiloro","https:\/\/www.instagram.com\/giustomanettibattiloro\/","https:\/\/www.linkedin.com\/company\/giusto-manetti-battiloro-s-p-a-\/","https:\/\/www.youtube.com\/user\/ManettiBattiloro"]}]}},"_links":{"self":[{"href":"https:\/\/www.manetti.com\/de\/wp-json\/wp\/v2\/product_cat\/467","targetHints":{"allow":["GET"]}}],"collection":[{"href":"https:\/\/www.manetti.com\/de\/wp-json\/wp\/v2\/product_cat"}],"about":[{"href":"https:\/\/www.manetti.com\/de\/wp-json\/wp\/v2\/taxonomies\/product_cat"}],"up":[{"embeddable":true,"href":"https:\/\/www.manetti.com\/de\/wp-json\/wp\/v2\/product_cat\/499"}],"wp:post_type":[{"href":"https:\/\/www.manetti.com\/de\/wp-json\/wp\/v2\/product?product_cat=467"}],"curies":[{"name":"wp","href":"https:\/\/api.w.org\/{rel}","templated":true}]}}