{"id":83622,"date":"2025-09-12T14:06:12","date_gmt":"2025-09-12T12:06:12","guid":{"rendered":"https:\/\/www.manetti.com\/?p=83622"},"modified":"2025-09-12T14:06:53","modified_gmt":"2025-09-12T12:06:53","slug":"linea-de-bellas-artes-mejore-la-experiencia-en-tienda-con-el-expositor-adecuado","status":"publish","type":"post","link":"https:\/\/www.manetti.com\/es\/linea-de-bellas-artes-mejore-la-experiencia-en-tienda-con-el-expositor-adecuado\/","title":{"rendered":"L\u00ednea de bellas artes: mejore la experiencia en tienda con el expositor adecuado"},"content":{"rendered":"<p>Una tienda que potencia la experiencia de compra de sus clientes es acogedora, bien dise\u00f1ada y fomenta de manera inteligente y funcional el descubrimiento de sus productos. Gu\u00eda a las personas de forma natural hacia la compra final o, en su defecto, hace que su experiencia en la tienda sea memorable y, sobre todo, repetible, transformando su establecimiento en un punto de referencia para cualquier necesidad futura.<\/p>\n<p><strong>Nuestro expositor de bellas artes est\u00e1 dise\u00f1ado espec\u00edficamente para ayudarle a realzar nuestros productos y la experiencia de compra de sus clientes.<\/strong><\/p>\n<p><img loading=\"lazy\" decoding=\"async\" class=\"aligncenter wp-image-83581\" src=\"https:\/\/www.manetti.com\/wp-content\/uploads\/2025\/09\/fine-arts-line-display-giusto-manetti-battiloro-684x1024.jpg\" alt=\"\" width=\"300\" height=\"449\" srcset=\"https:\/\/www.manetti.com\/wp-content\/uploads\/2025\/09\/fine-arts-line-display-giusto-manetti-battiloro-684x1024.jpg 684w, https:\/\/www.manetti.com\/wp-content\/uploads\/2025\/09\/fine-arts-line-display-giusto-manetti-battiloro-200x300.jpg 200w, https:\/\/www.manetti.com\/wp-content\/uploads\/2025\/09\/fine-arts-line-display-giusto-manetti-battiloro-768x1151.jpg 768w, https:\/\/www.manetti.com\/wp-content\/uploads\/2025\/09\/fine-arts-line-display-giusto-manetti-battiloro-600x899.jpg 600w, https:\/\/www.manetti.com\/wp-content\/uploads\/2025\/09\/fine-arts-line-display-giusto-manetti-battiloro.jpg 801w\" sizes=\"auto, (max-width: 300px) 100vw, 300px\" \/><\/p>\n<h2><strong>Las primeras impresiones cuentan<\/strong><\/h2>\n<p><strong>Organizaci\u00f3n, l\u00f3gica y claridad: nuestro expositor invita a descubrir <a href=\"https:\/\/www.manetti.com\/es\/sobre-nosotros\/linea-bellas-artes-perspectivas\/\" target=\"_blank\" rel=\"noopener\">toda la gama de art\u00edculos de bellas artes<\/a><\/strong> ayudando a las personas a identificarlos a primera vista.<br \/>\n<strong>Est\u00e1 organizado en varias estanter\u00edas ajustables y equipado con pr\u00e1cticos focos<\/strong> que, adem\u00e1s de mejorar la visibilidad de los productos, revelan una de las principales caracter\u00edsticas del oro: su brillo, o mejor dicho, su preciosidad.<br \/>\nEl color que hemos elegido tambi\u00e9n contribuye a una presentaci\u00f3n particularmente refinada y luminosa: \u00a1el encanto del blanco!<br \/>\nLa madera, por otro lado, el material que compone la estructura del expositor, fue elegida para garantizar solidez y durabilidad, especialmente considerando que el objetivo es animar a las personas a interactuar con los art\u00edculos.<\/p>\n<p>Algunas especificaciones, tama\u00f1os y caracter\u00edsticas de nuestro expositor para art\u00edculos de bellas artes<\/p>\n<ul>\n<li>Dise\u00f1ado para alojar productos de 125 ml a 1 litro<\/li>\n<li>Dimensiones totales (LxAnxAl): 60 x 45 x 220 cm<\/li>\n<li>Profundidad de la balda base: 45 cm<\/li>\n<li>Profundidad de las 4 baldas ajustables: 35 cm<\/li>\n<li>Ganchos para expositores de bl\u00edster<\/li>\n<li>Separadores para la organizaci\u00f3n de las baldas<\/li>\n<\/ul>\n<p><img loading=\"lazy\" decoding=\"async\" class=\"aligncenter wp-image-83586\" src=\"https:\/\/www.manetti.com\/wp-content\/uploads\/2025\/09\/fine-arts-line-product-giusto-manetti-battiloro-4-1024x683.jpg\" alt=\"\" width=\"450\" height=\"300\" srcset=\"https:\/\/www.manetti.com\/wp-content\/uploads\/2025\/09\/fine-arts-line-product-giusto-manetti-battiloro-4-1024x683.jpg 1024w, https:\/\/www.manetti.com\/wp-content\/uploads\/2025\/09\/fine-arts-line-product-giusto-manetti-battiloro-4-300x200.jpg 300w, https:\/\/www.manetti.com\/wp-content\/uploads\/2025\/09\/fine-arts-line-product-giusto-manetti-battiloro-4-768x512.jpg 768w, https:\/\/www.manetti.com\/wp-content\/uploads\/2025\/09\/fine-arts-line-product-giusto-manetti-battiloro-4-1536x1024.jpg 1536w, https:\/\/www.manetti.com\/wp-content\/uploads\/2025\/09\/fine-arts-line-product-giusto-manetti-battiloro-4-600x400.jpg 600w, https:\/\/www.manetti.com\/wp-content\/uploads\/2025\/09\/fine-arts-line-product-giusto-manetti-battiloro-4.jpg 1920w\" sizes=\"auto, (max-width: 450px) 100vw, 450px\" \/><\/p>\n<h2><strong>M\u00e1s accesible tambi\u00e9n significa m\u00e1s atractivo<\/strong><\/h2>\n<p><strong>Cada categor\u00eda de productos tiene su propio espacio dentro del expositor<\/strong>, lo que facilita a los clientes identificar de inmediato lo que necesitan y descubrir aquello que no pensaban que estaban buscando: <strong>\u00a1una buena experiencia de compra siempre acompa\u00f1a al cliente hacia el descubrimiento de nuevos art\u00edculos!<\/strong><strong><br \/>\n<\/strong><br \/>\nEsta l\u00f3gica tambi\u00e9n resulta \u00fatil para reorganizar y reordenar las estanter\u00edas manteniendo el orden.<br \/>\nEn este sentido, quisimos diferenciar <strong>cada categor\u00eda de productos<\/strong> no solo por su posici\u00f3n dentro del expositor, sino tambi\u00e9n por el color: creamos <strong>etiquetas adhesivas pr\u00e1cticas para aplicar en cada estanter\u00eda, cada una con un tono diferente<\/strong>. De este modo, cada color indica una categor\u00eda de producto: el azul, por ejemplo, acompa\u00f1a a los art\u00edculos de dorado al agua; el verde indica las protecciones; mientras que el gris agrupa todas las herramientas.<\/p>\n<div id='gallery-1' class='gallery galleryid-83622 gallery-columns-2 gallery-size-medium'><figure class='gallery-item'>\n\t\t\t<div class='gallery-icon landscape'>\n\t\t\t\t<a href='https:\/\/www.manetti.com\/es\/linea-de-bellas-artes-mejore-la-experiencia-en-tienda-con-el-expositor-adecuado\/attachment\/fine-arts-line-product-giusto-manetti-battiloro-1-2\/'><img loading=\"lazy\" decoding=\"async\" width=\"300\" height=\"200\" src=\"https:\/\/www.manetti.com\/wp-content\/uploads\/2025\/09\/fine-arts-line-product-giusto-manetti-battiloro-1-300x200.jpg\" class=\"attachment-medium size-medium\" alt=\"\" srcset=\"https:\/\/www.manetti.com\/wp-content\/uploads\/2025\/09\/fine-arts-line-product-giusto-manetti-battiloro-1-300x200.jpg 300w, https:\/\/www.manetti.com\/wp-content\/uploads\/2025\/09\/fine-arts-line-product-giusto-manetti-battiloro-1-768x513.jpg 768w, https:\/\/www.manetti.com\/wp-content\/uploads\/2025\/09\/fine-arts-line-product-giusto-manetti-battiloro-1-600x401.jpg 600w, https:\/\/www.manetti.com\/wp-content\/uploads\/2025\/09\/fine-arts-line-product-giusto-manetti-battiloro-1.jpg 900w\" sizes=\"auto, (max-width: 300px) 100vw, 300px\" \/><\/a>\n\t\t\t<\/div><\/figure><figure class='gallery-item'>\n\t\t\t<div class='gallery-icon landscape'>\n\t\t\t\t<a href='https:\/\/www.manetti.com\/es\/linea-de-bellas-artes-mejore-la-experiencia-en-tienda-con-el-expositor-adecuado\/attachment\/fine-arts-line-product-giusto-manetti-battiloro-2-2\/'><img loading=\"lazy\" decoding=\"async\" width=\"300\" height=\"200\" src=\"https:\/\/www.manetti.com\/wp-content\/uploads\/2025\/09\/fine-arts-line-product-giusto-manetti-battiloro-2-300x200.jpg\" class=\"attachment-medium size-medium\" alt=\"\" srcset=\"https:\/\/www.manetti.com\/wp-content\/uploads\/2025\/09\/fine-arts-line-product-giusto-manetti-battiloro-2-300x200.jpg 300w, https:\/\/www.manetti.com\/wp-content\/uploads\/2025\/09\/fine-arts-line-product-giusto-manetti-battiloro-2-768x513.jpg 768w, https:\/\/www.manetti.com\/wp-content\/uploads\/2025\/09\/fine-arts-line-product-giusto-manetti-battiloro-2-600x401.jpg 600w, https:\/\/www.manetti.com\/wp-content\/uploads\/2025\/09\/fine-arts-line-product-giusto-manetti-battiloro-2.jpg 900w\" sizes=\"auto, (max-width: 300px) 100vw, 300px\" \/><\/a>\n\t\t\t<\/div><\/figure>\n\t\t<\/div>\n\n<h2><strong>Precioso, deseable, seguro: nuestra vitrina de metacrilato<\/strong><\/h2>\n<p>La vitrina de metacrilato es un accesorio adicional que puede elegir integrar o no en su expositor Giusto Manetti Battiloro. La dise\u00f1amos como una soluci\u00f3n \u00fanica con m\u00faltiples objetivos:<strong><br \/>\n<\/strong><\/p>\n<ul>\n<li>almacenar de forma segura (y con total tranquilidad) art\u00edculos de metales preciosos, desde hojas de oro de 24 quilates hasta plata<\/li>\n<li>garantizar la m\u00e1xima visibilidad del producto mientras lo protege<\/li>\n<\/ul>\n<p><strong>Puede adquirir nuestra vitrina por separado<\/strong>\u00a0eligiendo entre dos tama\u00f1os: la peque\u00f1a de 60 x 35 cm o la grande de 60 x 45 cm.<\/p>\n<p><img loading=\"lazy\" decoding=\"async\" class=\"aligncenter wp-image-83601\" src=\"https:\/\/www.manetti.com\/wp-content\/uploads\/2025\/09\/fine-arts-line-product-giusto-manetti-battiloro-3.jpg\" alt=\"\" width=\"450\" height=\"301\" srcset=\"https:\/\/www.manetti.com\/wp-content\/uploads\/2025\/09\/fine-arts-line-product-giusto-manetti-battiloro-3.jpg 900w, https:\/\/www.manetti.com\/wp-content\/uploads\/2025\/09\/fine-arts-line-product-giusto-manetti-battiloro-3-300x200.jpg 300w, https:\/\/www.manetti.com\/wp-content\/uploads\/2025\/09\/fine-arts-line-product-giusto-manetti-battiloro-3-768x513.jpg 768w, https:\/\/www.manetti.com\/wp-content\/uploads\/2025\/09\/fine-arts-line-product-giusto-manetti-battiloro-3-600x401.jpg 600w\" sizes=\"auto, (max-width: 450px) 100vw, 450px\" \/><\/p>\n<h2><strong>Nuestras vitrinas se adaptan a todos los espacios<\/strong><\/h2>\n<p>\u00bfTiene necesidades m\u00e1s discretas? \u00bfO dispone de grandes espacios de exposici\u00f3n?<br \/>\nNuestro expositor cambia de escala para adaptarse a su espacio: despu\u00e9s de todo, otra prerrogativa de una tienda bien dise\u00f1ada es que cada mueble refleje su estilo.<\/p>\n<ul>\n<li><a href=\"https:\/\/www.manetti.com\/es\/producto\/expositor-de-bellas-artes\/\" target=\"_blank\" rel=\"noopener\">Expositor de mostrador<\/a>: un formato compacto y organizado para presentar nuestra gama completa de productos de bellas artes. Fabricado en cart\u00f3n y de color crema, ofrece una organizaci\u00f3n clara y ordenada de los art\u00edculos, as\u00ed como una experiencia de disfrute al cliente.<br \/>\n<strong>Dimensiones totales (LxAnxAl)<\/strong>: 48 x 30 x 60 cm<br \/>\n<strong>Profundidad de la base<\/strong>: 30 cm<\/li>\n<li><strong>Vitrina para grandes almacenes<\/strong>: una estanter\u00eda de aluminio dise\u00f1ada para alojar nuestros productos de bellas artes en un espacio claro y organizado, para art\u00edculos que van desde 125 ml hasta 5 kg.<\/li>\n<\/ul>\n<p>Una vitrina digna de los productos que exhibe no solo fomenta el descubrimiento por parte del cliente, sino que tambi\u00e9n refleja su valor: elija nuestros expositores para ofrecer a sus clientes una experiencia de compra funcional y refinada.<br \/>\n\u00bfDesea conocer m\u00e1s sobre nuestras soluciones? \u00a1Cont\u00e1ctenos para recibir el cat\u00e1logo dedicado a nuestras vitrinas!<\/p>\n<p><img loading=\"lazy\" decoding=\"async\" class=\"aligncenter wp-image-83606\" src=\"https:\/\/www.manetti.com\/wp-content\/uploads\/2025\/09\/fine-arts-line-display-giusto-manetti-battiloro-2-1024x755.jpg\" alt=\"\" width=\"450\" height=\"332\" srcset=\"https:\/\/www.manetti.com\/wp-content\/uploads\/2025\/09\/fine-arts-line-display-giusto-manetti-battiloro-2-1024x755.jpg 1024w, https:\/\/www.manetti.com\/wp-content\/uploads\/2025\/09\/fine-arts-line-display-giusto-manetti-battiloro-2-300x221.jpg 300w, https:\/\/www.manetti.com\/wp-content\/uploads\/2025\/09\/fine-arts-line-display-giusto-manetti-battiloro-2-768x566.jpg 768w, https:\/\/www.manetti.com\/wp-content\/uploads\/2025\/09\/fine-arts-line-display-giusto-manetti-battiloro-2-1536x1132.jpg 1536w, https:\/\/www.manetti.com\/wp-content\/uploads\/2025\/09\/fine-arts-line-display-giusto-manetti-battiloro-2-2048x1509.jpg 2048w, https:\/\/www.manetti.com\/wp-content\/uploads\/2025\/09\/fine-arts-line-display-giusto-manetti-battiloro-2-600x442.jpg 600w\" sizes=\"auto, (max-width: 450px) 100vw, 450px\" \/><\/p>\n","protected":false},"excerpt":{"rendered":"<p>Una tienda que potencia la experiencia de compra de sus clientes es acogedora, bien dise\u00f1ada y fomenta de manera inteligente y funcional el descubrimiento de sus productos. Gu\u00eda a las personas de forma natural hacia la compra final o, en su defecto, hace que su experiencia en la tienda sea memorable y, sobre todo, repetible, [&#8230;]<\/p>\n<p><a class=\"btn btn-secondary understrap-read-more-link\" href=\"https:\/\/www.manetti.com\/es\/linea-de-bellas-artes-mejore-la-experiencia-en-tienda-con-el-expositor-adecuado\/\">Leer m\u00e1s&#8230;<\/a><\/p>\n","protected":false},"author":1055,"featured_media":83623,"comment_status":"closed","ping_status":"closed","sticky":false,"template":"","format":"standard","meta":{"_acf_changed":false,"mc4wp_mailchimp_campaign":[],"footnotes":""},"categories":[229],"tags":[],"class_list":["post-83622","post","type-post","status-publish","format-standard","has-post-thumbnail","hentry","category-wikigold-es"],"acf":[],"yoast_head":"<!-- This site is optimized with the Yoast SEO plugin v26.5 - https:\/\/yoast.com\/wordpress\/plugins\/seo\/ -->\n<title>L\u00ednea de bellas artes: mejore la experiencia en tienda con el expositor adecuado | Manetti<\/title>\n<meta name=\"robots\" content=\"index, follow, max-snippet:-1, max-image-preview:large, max-video-preview:-1\" \/>\n<link rel=\"canonical\" href=\"https:\/\/www.manetti.com\/es\/linea-de-bellas-artes-mejore-la-experiencia-en-tienda-con-el-expositor-adecuado\/\" \/>\n<meta property=\"og:locale\" content=\"es_ES\" \/>\n<meta property=\"og:type\" content=\"article\" \/>\n<meta property=\"og:title\" content=\"L\u00ednea de bellas artes: mejore la experiencia en tienda con el expositor adecuado | Manetti\" \/>\n<meta property=\"og:description\" content=\"Una tienda que potencia la experiencia de compra de sus clientes es acogedora, bien dise\u00f1ada y fomenta de manera inteligente y funcional el descubrimiento de sus productos. Gu\u00eda a las personas de forma natural hacia la compra final o, en su defecto, hace que su experiencia en la tienda sea memorable y, sobre todo, repetible, [...]Leer m\u00e1s...\" \/>\n<meta property=\"og:url\" content=\"https:\/\/www.manetti.com\/es\/linea-de-bellas-artes-mejore-la-experiencia-en-tienda-con-el-expositor-adecuado\/\" \/>\n<meta property=\"og:site_name\" content=\"Giusto Manetti Battiloro\" \/>\n<meta property=\"article:publisher\" content=\"https:\/\/www.facebook.com\/giustomanettibattiloro\" \/>\n<meta property=\"article:published_time\" content=\"2025-09-12T12:06:12+00:00\" \/>\n<meta property=\"article:modified_time\" content=\"2025-09-12T12:06:53+00:00\" \/>\n<meta property=\"og:image\" content=\"https:\/\/www.manetti.com\/wp-content\/uploads\/2025\/09\/expositor-de-suelo-giusto-manetti-battiloro.png\" \/>\n\t<meta property=\"og:image:width\" content=\"1080\" \/>\n\t<meta property=\"og:image:height\" content=\"1080\" \/>\n\t<meta property=\"og:image:type\" content=\"image\/png\" \/>\n<meta name=\"author\" content=\"Hubic Support\" \/>\n<meta name=\"twitter:card\" content=\"summary_large_image\" \/>\n<meta name=\"twitter:label1\" content=\"Escrito por\" \/>\n\t<meta name=\"twitter:data1\" content=\"Hubic Support\" \/>\n\t<meta name=\"twitter:label2\" content=\"Tiempo de lectura\" \/>\n\t<meta name=\"twitter:data2\" content=\"4 minutos\" \/>\n<script type=\"application\/ld+json\" class=\"yoast-schema-graph\">{\"@context\":\"https:\/\/schema.org\",\"@graph\":[{\"@type\":\"Article\",\"@id\":\"https:\/\/www.manetti.com\/es\/linea-de-bellas-artes-mejore-la-experiencia-en-tienda-con-el-expositor-adecuado\/#article\",\"isPartOf\":{\"@id\":\"https:\/\/www.manetti.com\/es\/linea-de-bellas-artes-mejore-la-experiencia-en-tienda-con-el-expositor-adecuado\/\"},\"author\":{\"name\":\"Hubic Support\",\"@id\":\"https:\/\/www.manetti.com\/es\/#\/schema\/person\/857d5e73d093a2691c3bb6583c0cd2df\"},\"headline\":\"L\u00ednea de bellas artes: mejore la experiencia en tienda con el expositor adecuado\",\"datePublished\":\"2025-09-12T12:06:12+00:00\",\"dateModified\":\"2025-09-12T12:06:53+00:00\",\"mainEntityOfPage\":{\"@id\":\"https:\/\/www.manetti.com\/es\/linea-de-bellas-artes-mejore-la-experiencia-en-tienda-con-el-expositor-adecuado\/\"},\"wordCount\":742,\"publisher\":{\"@id\":\"https:\/\/www.manetti.com\/es\/#organization\"},\"image\":{\"@id\":\"https:\/\/www.manetti.com\/es\/linea-de-bellas-artes-mejore-la-experiencia-en-tienda-con-el-expositor-adecuado\/#primaryimage\"},\"thumbnailUrl\":\"https:\/\/www.manetti.com\/wp-content\/uploads\/2025\/09\/expositor-de-suelo-giusto-manetti-battiloro.png\",\"articleSection\":[\"Wikigold\"],\"inLanguage\":\"es\"},{\"@type\":\"WebPage\",\"@id\":\"https:\/\/www.manetti.com\/es\/linea-de-bellas-artes-mejore-la-experiencia-en-tienda-con-el-expositor-adecuado\/\",\"url\":\"https:\/\/www.manetti.com\/es\/linea-de-bellas-artes-mejore-la-experiencia-en-tienda-con-el-expositor-adecuado\/\",\"name\":\"L\u00ednea de bellas artes: mejore la experiencia en tienda con el expositor adecuado | Manetti\",\"isPartOf\":{\"@id\":\"https:\/\/www.manetti.com\/es\/#website\"},\"primaryImageOfPage\":{\"@id\":\"https:\/\/www.manetti.com\/es\/linea-de-bellas-artes-mejore-la-experiencia-en-tienda-con-el-expositor-adecuado\/#primaryimage\"},\"image\":{\"@id\":\"https:\/\/www.manetti.com\/es\/linea-de-bellas-artes-mejore-la-experiencia-en-tienda-con-el-expositor-adecuado\/#primaryimage\"},\"thumbnailUrl\":\"https:\/\/www.manetti.com\/wp-content\/uploads\/2025\/09\/expositor-de-suelo-giusto-manetti-battiloro.png\",\"datePublished\":\"2025-09-12T12:06:12+00:00\",\"dateModified\":\"2025-09-12T12:06:53+00:00\",\"inLanguage\":\"es\",\"potentialAction\":[{\"@type\":\"ReadAction\",\"target\":[\"https:\/\/www.manetti.com\/es\/linea-de-bellas-artes-mejore-la-experiencia-en-tienda-con-el-expositor-adecuado\/\"]}]},{\"@type\":\"ImageObject\",\"inLanguage\":\"es\",\"@id\":\"https:\/\/www.manetti.com\/es\/linea-de-bellas-artes-mejore-la-experiencia-en-tienda-con-el-expositor-adecuado\/#primaryimage\",\"url\":\"https:\/\/www.manetti.com\/wp-content\/uploads\/2025\/09\/expositor-de-suelo-giusto-manetti-battiloro.png\",\"contentUrl\":\"https:\/\/www.manetti.com\/wp-content\/uploads\/2025\/09\/expositor-de-suelo-giusto-manetti-battiloro.png\",\"width\":1080,\"height\":1080},{\"@type\":\"WebSite\",\"@id\":\"https:\/\/www.manetti.com\/es\/#website\",\"url\":\"https:\/\/www.manetti.com\/es\/\",\"name\":\"Giusto Manetti Battiloro\",\"description\":\"\",\"publisher\":{\"@id\":\"https:\/\/www.manetti.com\/es\/#organization\"},\"potentialAction\":[{\"@type\":\"SearchAction\",\"target\":{\"@type\":\"EntryPoint\",\"urlTemplate\":\"https:\/\/www.manetti.com\/es\/?s={search_term_string}\"},\"query-input\":{\"@type\":\"PropertyValueSpecification\",\"valueRequired\":true,\"valueName\":\"search_term_string\"}}],\"inLanguage\":\"es\"},{\"@type\":\"Organization\",\"@id\":\"https:\/\/www.manetti.com\/es\/#organization\",\"name\":\"GIUSTO MANETTI BATTILORO S.P.A.\",\"url\":\"https:\/\/www.manetti.com\/es\/\",\"logo\":{\"@type\":\"ImageObject\",\"inLanguage\":\"es\",\"@id\":\"https:\/\/www.manetti.com\/es\/#\/schema\/logo\/image\/\",\"url\":\"https:\/\/www.manetti.com\/wp-content\/uploads\/2025\/02\/giusto-manetti-blu_300-02.png\",\"contentUrl\":\"https:\/\/www.manetti.com\/wp-content\/uploads\/2025\/02\/giusto-manetti-blu_300-02.png\",\"width\":1123,\"height\":1093,\"caption\":\"GIUSTO MANETTI BATTILORO S.P.A.\"},\"image\":{\"@id\":\"https:\/\/www.manetti.com\/es\/#\/schema\/logo\/image\/\"},\"sameAs\":[\"https:\/\/www.facebook.com\/giustomanettibattiloro\",\"https:\/\/www.instagram.com\/giustomanettibattiloro\/\",\"https:\/\/www.linkedin.com\/company\/giusto-manetti-battiloro-s-p-a-\/\",\"https:\/\/www.youtube.com\/user\/ManettiBattiloro\"]},{\"@type\":\"Person\",\"@id\":\"https:\/\/www.manetti.com\/es\/#\/schema\/person\/857d5e73d093a2691c3bb6583c0cd2df\",\"name\":\"Hubic Support\",\"image\":{\"@type\":\"ImageObject\",\"inLanguage\":\"es\",\"@id\":\"https:\/\/www.manetti.com\/es\/#\/schema\/person\/image\/\",\"url\":\"https:\/\/secure.gravatar.com\/avatar\/4e27d7cf78e1589a03ebfd2f1baa49f1?s=96&d=mm&r=g\",\"contentUrl\":\"https:\/\/secure.gravatar.com\/avatar\/4e27d7cf78e1589a03ebfd2f1baa49f1?s=96&d=mm&r=g\",\"caption\":\"Hubic Support\"}}]}<\/script>\n<!-- \/ Yoast SEO plugin. -->","yoast_head_json":{"title":"L\u00ednea de bellas artes: mejore la experiencia en tienda con el expositor adecuado | Manetti","robots":{"index":"index","follow":"follow","max-snippet":"max-snippet:-1","max-image-preview":"max-image-preview:large","max-video-preview":"max-video-preview:-1"},"canonical":"https:\/\/www.manetti.com\/es\/linea-de-bellas-artes-mejore-la-experiencia-en-tienda-con-el-expositor-adecuado\/","og_locale":"es_ES","og_type":"article","og_title":"L\u00ednea de bellas artes: mejore la experiencia en tienda con el expositor adecuado | Manetti","og_description":"Una tienda que potencia la experiencia de compra de sus clientes es acogedora, bien dise\u00f1ada y fomenta de manera inteligente y funcional el descubrimiento de sus productos. Gu\u00eda a las personas de forma natural hacia la compra final o, en su defecto, hace que su experiencia en la tienda sea memorable y, sobre todo, repetible, [...]Leer m\u00e1s...","og_url":"https:\/\/www.manetti.com\/es\/linea-de-bellas-artes-mejore-la-experiencia-en-tienda-con-el-expositor-adecuado\/","og_site_name":"Giusto Manetti Battiloro","article_publisher":"https:\/\/www.facebook.com\/giustomanettibattiloro","article_published_time":"2025-09-12T12:06:12+00:00","article_modified_time":"2025-09-12T12:06:53+00:00","og_image":[{"width":1080,"height":1080,"url":"https:\/\/www.manetti.com\/wp-content\/uploads\/2025\/09\/expositor-de-suelo-giusto-manetti-battiloro.png","type":"image\/png"}],"author":"Hubic Support","twitter_card":"summary_large_image","twitter_misc":{"Escrito por":"Hubic Support","Tiempo de lectura":"4 minutos"},"schema":{"@context":"https:\/\/schema.org","@graph":[{"@type":"Article","@id":"https:\/\/www.manetti.com\/es\/linea-de-bellas-artes-mejore-la-experiencia-en-tienda-con-el-expositor-adecuado\/#article","isPartOf":{"@id":"https:\/\/www.manetti.com\/es\/linea-de-bellas-artes-mejore-la-experiencia-en-tienda-con-el-expositor-adecuado\/"},"author":{"name":"Hubic Support","@id":"https:\/\/www.manetti.com\/es\/#\/schema\/person\/857d5e73d093a2691c3bb6583c0cd2df"},"headline":"L\u00ednea de bellas artes: mejore la experiencia en tienda con el expositor adecuado","datePublished":"2025-09-12T12:06:12+00:00","dateModified":"2025-09-12T12:06:53+00:00","mainEntityOfPage":{"@id":"https:\/\/www.manetti.com\/es\/linea-de-bellas-artes-mejore-la-experiencia-en-tienda-con-el-expositor-adecuado\/"},"wordCount":742,"publisher":{"@id":"https:\/\/www.manetti.com\/es\/#organization"},"image":{"@id":"https:\/\/www.manetti.com\/es\/linea-de-bellas-artes-mejore-la-experiencia-en-tienda-con-el-expositor-adecuado\/#primaryimage"},"thumbnailUrl":"https:\/\/www.manetti.com\/wp-content\/uploads\/2025\/09\/expositor-de-suelo-giusto-manetti-battiloro.png","articleSection":["Wikigold"],"inLanguage":"es"},{"@type":"WebPage","@id":"https:\/\/www.manetti.com\/es\/linea-de-bellas-artes-mejore-la-experiencia-en-tienda-con-el-expositor-adecuado\/","url":"https:\/\/www.manetti.com\/es\/linea-de-bellas-artes-mejore-la-experiencia-en-tienda-con-el-expositor-adecuado\/","name":"L\u00ednea de bellas artes: mejore la experiencia en tienda con el expositor adecuado | Manetti","isPartOf":{"@id":"https:\/\/www.manetti.com\/es\/#website"},"primaryImageOfPage":{"@id":"https:\/\/www.manetti.com\/es\/linea-de-bellas-artes-mejore-la-experiencia-en-tienda-con-el-expositor-adecuado\/#primaryimage"},"image":{"@id":"https:\/\/www.manetti.com\/es\/linea-de-bellas-artes-mejore-la-experiencia-en-tienda-con-el-expositor-adecuado\/#primaryimage"},"thumbnailUrl":"https:\/\/www.manetti.com\/wp-content\/uploads\/2025\/09\/expositor-de-suelo-giusto-manetti-battiloro.png","datePublished":"2025-09-12T12:06:12+00:00","dateModified":"2025-09-12T12:06:53+00:00","inLanguage":"es","potentialAction":[{"@type":"ReadAction","target":["https:\/\/www.manetti.com\/es\/linea-de-bellas-artes-mejore-la-experiencia-en-tienda-con-el-expositor-adecuado\/"]}]},{"@type":"ImageObject","inLanguage":"es","@id":"https:\/\/www.manetti.com\/es\/linea-de-bellas-artes-mejore-la-experiencia-en-tienda-con-el-expositor-adecuado\/#primaryimage","url":"https:\/\/www.manetti.com\/wp-content\/uploads\/2025\/09\/expositor-de-suelo-giusto-manetti-battiloro.png","contentUrl":"https:\/\/www.manetti.com\/wp-content\/uploads\/2025\/09\/expositor-de-suelo-giusto-manetti-battiloro.png","width":1080,"height":1080},{"@type":"WebSite","@id":"https:\/\/www.manetti.com\/es\/#website","url":"https:\/\/www.manetti.com\/es\/","name":"Giusto Manetti Battiloro","description":"","publisher":{"@id":"https:\/\/www.manetti.com\/es\/#organization"},"potentialAction":[{"@type":"SearchAction","target":{"@type":"EntryPoint","urlTemplate":"https:\/\/www.manetti.com\/es\/?s={search_term_string}"},"query-input":{"@type":"PropertyValueSpecification","valueRequired":true,"valueName":"search_term_string"}}],"inLanguage":"es"},{"@type":"Organization","@id":"https:\/\/www.manetti.com\/es\/#organization","name":"GIUSTO MANETTI BATTILORO S.P.A.","url":"https:\/\/www.manetti.com\/es\/","logo":{"@type":"ImageObject","inLanguage":"es","@id":"https:\/\/www.manetti.com\/es\/#\/schema\/logo\/image\/","url":"https:\/\/www.manetti.com\/wp-content\/uploads\/2025\/02\/giusto-manetti-blu_300-02.png","contentUrl":"https:\/\/www.manetti.com\/wp-content\/uploads\/2025\/02\/giusto-manetti-blu_300-02.png","width":1123,"height":1093,"caption":"GIUSTO MANETTI BATTILORO S.P.A."},"image":{"@id":"https:\/\/www.manetti.com\/es\/#\/schema\/logo\/image\/"},"sameAs":["https:\/\/www.facebook.com\/giustomanettibattiloro","https:\/\/www.instagram.com\/giustomanettibattiloro\/","https:\/\/www.linkedin.com\/company\/giusto-manetti-battiloro-s-p-a-\/","https:\/\/www.youtube.com\/user\/ManettiBattiloro"]},{"@type":"Person","@id":"https:\/\/www.manetti.com\/es\/#\/schema\/person\/857d5e73d093a2691c3bb6583c0cd2df","name":"Hubic Support","image":{"@type":"ImageObject","inLanguage":"es","@id":"https:\/\/www.manetti.com\/es\/#\/schema\/person\/image\/","url":"https:\/\/secure.gravatar.com\/avatar\/4e27d7cf78e1589a03ebfd2f1baa49f1?s=96&d=mm&r=g","contentUrl":"https:\/\/secure.gravatar.com\/avatar\/4e27d7cf78e1589a03ebfd2f1baa49f1?s=96&d=mm&r=g","caption":"Hubic Support"}}]}},"_links":{"self":[{"href":"https:\/\/www.manetti.com\/es\/wp-json\/wp\/v2\/posts\/83622","targetHints":{"allow":["GET"]}}],"collection":[{"href":"https:\/\/www.manetti.com\/es\/wp-json\/wp\/v2\/posts"}],"about":[{"href":"https:\/\/www.manetti.com\/es\/wp-json\/wp\/v2\/types\/post"}],"author":[{"embeddable":true,"href":"https:\/\/www.manetti.com\/es\/wp-json\/wp\/v2\/users\/1055"}],"replies":[{"embeddable":true,"href":"https:\/\/www.manetti.com\/es\/wp-json\/wp\/v2\/comments?post=83622"}],"version-history":[{"count":0,"href":"https:\/\/www.manetti.com\/es\/wp-json\/wp\/v2\/posts\/83622\/revisions"}],"wp:featuredmedia":[{"embeddable":true,"href":"https:\/\/www.manetti.com\/es\/wp-json\/wp\/v2\/media\/83623"}],"wp:attachment":[{"href":"https:\/\/www.manetti.com\/es\/wp-json\/wp\/v2\/media?parent=83622"}],"wp:term":[{"taxonomy":"category","embeddable":true,"href":"https:\/\/www.manetti.com\/es\/wp-json\/wp\/v2\/categories?post=83622"},{"taxonomy":"post_tag","embeddable":true,"href":"https:\/\/www.manetti.com\/es\/wp-json\/wp\/v2\/tags?post=83622"}],"curies":[{"name":"wp","href":"https:\/\/api.w.org\/{rel}","templated":true}]}}