{"id":468,"count":5,"description":"En 2022, presentamos nuestra\u00a0<strong>L\u00ednea de Bellas Artes<\/strong>, dise\u00f1ada espec\u00edficamente para permitir a las tiendas de arte ofrecer una gama completa de productos para dorar en las cantidades ideales para un p\u00fablico objetivo que incluye estudiantes, aficionados y profesionales.\r\n\r\nEsta l\u00ednea de productos ha sido desarrollada para ser\u00a0<strong>clara y simple<\/strong>. Cada fase del dorado est\u00e1 identificada por un color espec\u00edfico, con el fin de facilitar la comprensi\u00f3n de las diversas t\u00e9cnicas. Cada color incluye una amplia selecci\u00f3n de productos para la fase espec\u00edfica que representa: desde el dorado al agua hasta el dorado al aceite, pasando por el acabado y la protecci\u00f3n.","link":"https:\/\/www.manetti.com\/es\/categoria-prodotto\/bellas-artes\/","name":"Dorado","slug":"bellas-artes","taxonomy":"product_cat","parent":500,"meta":[],"acf":[],"yoast_head":"<!-- This site is optimized with the Yoast SEO plugin v26.5 - https:\/\/yoast.com\/wordpress\/plugins\/seo\/ -->\n<title>Dorado | Manetti<\/title>\n<meta name=\"robots\" content=\"noindex, follow\" \/>\n<meta property=\"og:locale\" content=\"es_ES\" \/>\n<meta property=\"og:type\" content=\"article\" \/>\n<meta property=\"og:title\" content=\"Dorado | Manetti\" \/>\n<meta property=\"og:description\" content=\"En 2022, presentamos nuestra\u00a0L\u00ednea de Bellas Artes, dise\u00f1ada espec\u00edficamente para permitir a las tiendas de arte ofrecer una gama completa de productos para dorar en las cantidades ideales para un p\u00fablico objetivo que incluye estudiantes, aficionados y profesionales. Esta l\u00ednea de productos ha sido desarrollada para ser\u00a0clara y simple. Cada fase del dorado est\u00e1 identificada por un color espec\u00edfico, con el fin de facilitar la comprensi\u00f3n de las diversas t\u00e9cnicas. Cada color incluye una amplia selecci\u00f3n de productos para la fase espec\u00edfica que representa: desde el dorado al agua hasta el dorado al aceite, pasando por el acabado y la protecci\u00f3n.\" \/>\n<meta property=\"og:url\" content=\"https:\/\/www.manetti.com\/es\/categoria-prodotto\/bellas-artes\/\" \/>\n<meta property=\"og:site_name\" content=\"Giusto Manetti Battiloro\" \/>\n<meta name=\"twitter:card\" content=\"summary_large_image\" \/>\n<script type=\"application\/ld+json\" class=\"yoast-schema-graph\">{\"@context\":\"https:\/\/schema.org\",\"@graph\":[{\"@type\":\"CollectionPage\",\"@id\":\"https:\/\/www.manetti.com\/es\/categoria-prodotto\/bellas-artes\/\",\"url\":\"https:\/\/www.manetti.com\/es\/categoria-prodotto\/bellas-artes\/\",\"name\":\"Dorado | Manetti\",\"isPartOf\":{\"@id\":\"https:\/\/www.manetti.com\/es\/#website\"},\"inLanguage\":\"es\"},{\"@type\":\"WebSite\",\"@id\":\"https:\/\/www.manetti.com\/es\/#website\",\"url\":\"https:\/\/www.manetti.com\/es\/\",\"name\":\"Giusto Manetti Battiloro\",\"description\":\"\",\"publisher\":{\"@id\":\"https:\/\/www.manetti.com\/es\/#organization\"},\"potentialAction\":[{\"@type\":\"SearchAction\",\"target\":{\"@type\":\"EntryPoint\",\"urlTemplate\":\"https:\/\/www.manetti.com\/es\/?s={search_term_string}\"},\"query-input\":{\"@type\":\"PropertyValueSpecification\",\"valueRequired\":true,\"valueName\":\"search_term_string\"}}],\"inLanguage\":\"es\"},{\"@type\":\"Organization\",\"@id\":\"https:\/\/www.manetti.com\/es\/#organization\",\"name\":\"GIUSTO MANETTI BATTILORO S.P.A.\",\"url\":\"https:\/\/www.manetti.com\/es\/\",\"logo\":{\"@type\":\"ImageObject\",\"inLanguage\":\"es\",\"@id\":\"https:\/\/www.manetti.com\/es\/#\/schema\/logo\/image\/\",\"url\":\"https:\/\/www.manetti.com\/wp-content\/uploads\/2025\/02\/giusto-manetti-blu_300-02.png\",\"contentUrl\":\"https:\/\/www.manetti.com\/wp-content\/uploads\/2025\/02\/giusto-manetti-blu_300-02.png\",\"width\":1123,\"height\":1093,\"caption\":\"GIUSTO MANETTI BATTILORO S.P.A.\"},\"image\":{\"@id\":\"https:\/\/www.manetti.com\/es\/#\/schema\/logo\/image\/\"},\"sameAs\":[\"https:\/\/www.facebook.com\/giustomanettibattiloro\",\"https:\/\/www.instagram.com\/giustomanettibattiloro\/\",\"https:\/\/www.linkedin.com\/company\/giusto-manetti-battiloro-s-p-a-\/\",\"https:\/\/www.youtube.com\/user\/ManettiBattiloro\"]}]}<\/script>\n<!-- \/ Yoast SEO plugin. -->","yoast_head_json":{"title":"Dorado | Manetti","robots":{"index":"noindex","follow":"follow"},"og_locale":"es_ES","og_type":"article","og_title":"Dorado | Manetti","og_description":"En 2022, presentamos nuestra\u00a0L\u00ednea de Bellas Artes, dise\u00f1ada espec\u00edficamente para permitir a las tiendas de arte ofrecer una gama completa de productos para dorar en las cantidades ideales para un p\u00fablico objetivo que incluye estudiantes, aficionados y profesionales. Esta l\u00ednea de productos ha sido desarrollada para ser\u00a0clara y simple. Cada fase del dorado est\u00e1 identificada por un color espec\u00edfico, con el fin de facilitar la comprensi\u00f3n de las diversas t\u00e9cnicas. Cada color incluye una amplia selecci\u00f3n de productos para la fase espec\u00edfica que representa: desde el dorado al agua hasta el dorado al aceite, pasando por el acabado y la protecci\u00f3n.","og_url":"https:\/\/www.manetti.com\/es\/categoria-prodotto\/bellas-artes\/","og_site_name":"Giusto Manetti Battiloro","twitter_card":"summary_large_image","schema":{"@context":"https:\/\/schema.org","@graph":[{"@type":"CollectionPage","@id":"https:\/\/www.manetti.com\/es\/categoria-prodotto\/bellas-artes\/","url":"https:\/\/www.manetti.com\/es\/categoria-prodotto\/bellas-artes\/","name":"Dorado | Manetti","isPartOf":{"@id":"https:\/\/www.manetti.com\/es\/#website"},"inLanguage":"es"},{"@type":"WebSite","@id":"https:\/\/www.manetti.com\/es\/#website","url":"https:\/\/www.manetti.com\/es\/","name":"Giusto Manetti Battiloro","description":"","publisher":{"@id":"https:\/\/www.manetti.com\/es\/#organization"},"potentialAction":[{"@type":"SearchAction","target":{"@type":"EntryPoint","urlTemplate":"https:\/\/www.manetti.com\/es\/?s={search_term_string}"},"query-input":{"@type":"PropertyValueSpecification","valueRequired":true,"valueName":"search_term_string"}}],"inLanguage":"es"},{"@type":"Organization","@id":"https:\/\/www.manetti.com\/es\/#organization","name":"GIUSTO MANETTI BATTILORO S.P.A.","url":"https:\/\/www.manetti.com\/es\/","logo":{"@type":"ImageObject","inLanguage":"es","@id":"https:\/\/www.manetti.com\/es\/#\/schema\/logo\/image\/","url":"https:\/\/www.manetti.com\/wp-content\/uploads\/2025\/02\/giusto-manetti-blu_300-02.png","contentUrl":"https:\/\/www.manetti.com\/wp-content\/uploads\/2025\/02\/giusto-manetti-blu_300-02.png","width":1123,"height":1093,"caption":"GIUSTO MANETTI BATTILORO S.P.A."},"image":{"@id":"https:\/\/www.manetti.com\/es\/#\/schema\/logo\/image\/"},"sameAs":["https:\/\/www.facebook.com\/giustomanettibattiloro","https:\/\/www.instagram.com\/giustomanettibattiloro\/","https:\/\/www.linkedin.com\/company\/giusto-manetti-battiloro-s-p-a-\/","https:\/\/www.youtube.com\/user\/ManettiBattiloro"]}]}},"_links":{"self":[{"href":"https:\/\/www.manetti.com\/es\/wp-json\/wp\/v2\/product_cat\/468","targetHints":{"allow":["GET"]}}],"collection":[{"href":"https:\/\/www.manetti.com\/es\/wp-json\/wp\/v2\/product_cat"}],"about":[{"href":"https:\/\/www.manetti.com\/es\/wp-json\/wp\/v2\/taxonomies\/product_cat"}],"up":[{"embeddable":true,"href":"https:\/\/www.manetti.com\/es\/wp-json\/wp\/v2\/product_cat\/500"}],"wp:post_type":[{"href":"https:\/\/www.manetti.com\/es\/wp-json\/wp\/v2\/product?product_cat=468"}],"curies":[{"name":"wp","href":"https:\/\/api.w.org\/{rel}","templated":true}]}}