{"id":82427,"date":"2025-06-26T12:27:42","date_gmt":"2025-06-26T10:27:42","guid":{"rendered":"https:\/\/www.manetti.com\/?p=82427"},"modified":"2025-06-26T12:40:09","modified_gmt":"2025-06-26T10:40:09","slug":"de-la-lettrine-a-la-decoration-personnalisez-votre-enseigne-avec-les-feuilles-dor-de-giusto-manetti-battiloro","status":"publish","type":"post","link":"https:\/\/www.manetti.com\/fr\/de-la-lettrine-a-la-decoration-personnalisez-votre-enseigne-avec-les-feuilles-dor-de-giusto-manetti-battiloro\/","title":{"rendered":"De la lettrine \u00e0 la d\u00e9coration : personnalisez votre enseigne avec les feuilles d\u2019or de Giusto Manetti Battiloro"},"content":{"rendered":"<p>Si l\u2019on consid\u00e8re la communication visuelle comme un processus artistique, chaque \u00e9l\u00e9ment de l\u2019image de marque devient incroyablement expressif et personnel. Chaque trait et chaque couleur transmet un message intime et irrempla\u00e7able.<\/p>\n<p>Cela est encore plus tangible avec <strong>nos enseignes faites \u00e0 la main<\/strong>, car l\u2019image sur une vitrine \u2013 qu\u2019il s\u2019agisse d\u2019un salon de tatouage et piercing, d\u2019un barbier ou d\u2019une boutique \u00e9l\u00e9gante \u2013 prend forme \u00e0 travers les choix expressifs et la dext\u00e9rit\u00e9 de l\u2019artiste.<\/p>\n<blockquote><p>Chez Giusto Manetti Battiloro, nous voulons c\u00e9l\u00e9brer ce processus passionnant en proposant un produit d\u2019une grande expressivit\u00e9, que nous perfectionnons avec ferveur <a href=\"https:\/\/www.manetti.com\/fr\/a-propos-de-nous\/qui-sommes-nous\/histoire\/\" target=\"_blank\" rel=\"noopener\">depuis quinze g\u00e9n\u00e9rations<\/a> : la feuille d\u2019or.<\/p><\/blockquote>\n<div id='gallery-1' class='gallery galleryid-82427 gallery-columns-3 gallery-size-medium'><figure class='gallery-item'>\n\t\t\t<div class='gallery-icon landscape'>\n\t\t\t\t<a href='https:\/\/www.manetti.com\/fr\/?attachment_id=82342'><img loading=\"lazy\" decoding=\"async\" width=\"300\" height=\"200\" src=\"https:\/\/www.manetti.com\/wp-content\/uploads\/2025\/06\/manetti-battiloro-insegne-swada-300x200.jpg\" class=\"attachment-medium size-medium\" alt=\"\" aria-describedby=\"gallery-1-82342\" srcset=\"https:\/\/www.manetti.com\/wp-content\/uploads\/2025\/06\/manetti-battiloro-insegne-swada-300x200.jpg 300w, https:\/\/www.manetti.com\/wp-content\/uploads\/2025\/06\/manetti-battiloro-insegne-swada-1024x683.jpg 1024w, https:\/\/www.manetti.com\/wp-content\/uploads\/2025\/06\/manetti-battiloro-insegne-swada-768x512.jpg 768w, https:\/\/www.manetti.com\/wp-content\/uploads\/2025\/06\/manetti-battiloro-insegne-swada-600x400.jpg 600w, https:\/\/www.manetti.com\/wp-content\/uploads\/2025\/06\/manetti-battiloro-insegne-swada.jpg 1200w\" sizes=\"auto, (max-width: 300px) 100vw, 300px\" \/><\/a>\n\t\t\t<\/div>\n\t\t\t\t<figcaption class='wp-caption-text gallery-caption' id='gallery-1-82342'>\n\t\t\t\tCredits: swada_pl\n\t\t\t\t<\/figcaption><\/figure><figure class='gallery-item'>\n\t\t\t<div class='gallery-icon landscape'>\n\t\t\t\t<a href='https:\/\/www.manetti.com\/fr\/?attachment_id=82337'><img loading=\"lazy\" decoding=\"async\" width=\"300\" height=\"200\" src=\"https:\/\/www.manetti.com\/wp-content\/uploads\/2025\/06\/manetti-battiloro-insegne-lapintattuto-300x200.jpg\" class=\"attachment-medium size-medium\" alt=\"\" aria-describedby=\"gallery-1-82337\" srcset=\"https:\/\/www.manetti.com\/wp-content\/uploads\/2025\/06\/manetti-battiloro-insegne-lapintattuto-300x200.jpg 300w, https:\/\/www.manetti.com\/wp-content\/uploads\/2025\/06\/manetti-battiloro-insegne-lapintattuto-1024x683.jpg 1024w, https:\/\/www.manetti.com\/wp-content\/uploads\/2025\/06\/manetti-battiloro-insegne-lapintattuto-768x512.jpg 768w, https:\/\/www.manetti.com\/wp-content\/uploads\/2025\/06\/manetti-battiloro-insegne-lapintattuto-600x400.jpg 600w, https:\/\/www.manetti.com\/wp-content\/uploads\/2025\/06\/manetti-battiloro-insegne-lapintattuto.jpg 1200w\" sizes=\"auto, (max-width: 300px) 100vw, 300px\" \/><\/a>\n\t\t\t<\/div>\n\t\t\t\t<figcaption class='wp-caption-text gallery-caption' id='gallery-1-82337'>\n\t\t\t\tCredits: @lapintatutto\n\t\t\t\t<\/figcaption><\/figure>\n\t\t<\/div>\n\n<h2>Des enseignes r\u00e9alis\u00e9es avec des feuilles d\u2019or : une infinit\u00e9 de possibilit\u00e9s pour une exp\u00e9rience artistique immersive<\/h2>\n<p>Les enseignes en feuille d\u2019or poss\u00e8dent un charme <strong>\u00e0 la fois vintage et intemporel<\/strong>. Elles \u00e9voquent l\u2019\u00e9l\u00e9gance classique et l\u2019atmosph\u00e8re feutr\u00e9e du pass\u00e9, tout en se reconnectant avec gr\u00e2ce au pr\u00e9sent. La feuille d\u2019or conf\u00e8re un prestige \u00e9ternel \u00e0 toute enseigne.<\/p>\n<p>C\u2019est pourquoi de nombreux jeunes artistes sont attir\u00e9s par l\u2019univers de la dorure. Regardez <a href=\"https:\/\/www.instagram.com\/p\/C19TuzyIqf-\/\" target=\"_blank\" rel=\"noopener\">ce travail<\/a> r\u00e9alis\u00e9 par Loris Lillo (Lillo Letters) avec nos feuilles d\u2019or. N\u2019est-ce pas extraordinaire ?<\/p>\n<div id='gallery-2' class='gallery galleryid-82427 gallery-columns-3 gallery-size-medium'><figure class='gallery-item'>\n\t\t\t<div class='gallery-icon landscape'>\n\t\t\t\t<a href='https:\/\/www.manetti.com\/fr\/?attachment_id=82354'><img loading=\"lazy\" decoding=\"async\" width=\"300\" height=\"200\" src=\"https:\/\/www.manetti.com\/wp-content\/uploads\/2025\/06\/manetti-battiloro-insegne-lillo-letters-300x200.jpg\" class=\"attachment-medium size-medium\" alt=\"\" aria-describedby=\"gallery-2-82354\" srcset=\"https:\/\/www.manetti.com\/wp-content\/uploads\/2025\/06\/manetti-battiloro-insegne-lillo-letters-300x200.jpg 300w, https:\/\/www.manetti.com\/wp-content\/uploads\/2025\/06\/manetti-battiloro-insegne-lillo-letters-1024x683.jpg 1024w, https:\/\/www.manetti.com\/wp-content\/uploads\/2025\/06\/manetti-battiloro-insegne-lillo-letters-768x512.jpg 768w, https:\/\/www.manetti.com\/wp-content\/uploads\/2025\/06\/manetti-battiloro-insegne-lillo-letters-600x400.jpg 600w, https:\/\/www.manetti.com\/wp-content\/uploads\/2025\/06\/manetti-battiloro-insegne-lillo-letters.jpg 1200w\" sizes=\"auto, (max-width: 300px) 100vw, 300px\" \/><\/a>\n\t\t\t<\/div>\n\t\t\t\t<figcaption class='wp-caption-text gallery-caption' id='gallery-2-82354'>\n\t\t\t\tCredits: @lilloletters\n\t\t\t\t<\/figcaption><\/figure><figure class='gallery-item'>\n\t\t\t<div class='gallery-icon landscape'>\n\t\t\t\t<a href='https:\/\/www.manetti.com\/fr\/?attachment_id=82349'><img loading=\"lazy\" decoding=\"async\" width=\"300\" height=\"200\" src=\"https:\/\/www.manetti.com\/wp-content\/uploads\/2025\/06\/manetti-battiloro-insegne-lillo-letters-1-300x200.jpg\" class=\"attachment-medium size-medium\" alt=\"\" aria-describedby=\"gallery-2-82349\" srcset=\"https:\/\/www.manetti.com\/wp-content\/uploads\/2025\/06\/manetti-battiloro-insegne-lillo-letters-1-300x200.jpg 300w, https:\/\/www.manetti.com\/wp-content\/uploads\/2025\/06\/manetti-battiloro-insegne-lillo-letters-1-1024x683.jpg 1024w, https:\/\/www.manetti.com\/wp-content\/uploads\/2025\/06\/manetti-battiloro-insegne-lillo-letters-1-768x512.jpg 768w, https:\/\/www.manetti.com\/wp-content\/uploads\/2025\/06\/manetti-battiloro-insegne-lillo-letters-1-600x400.jpg 600w, https:\/\/www.manetti.com\/wp-content\/uploads\/2025\/06\/manetti-battiloro-insegne-lillo-letters-1.jpg 1200w\" sizes=\"auto, (max-width: 300px) 100vw, 300px\" \/><\/a>\n\t\t\t<\/div>\n\t\t\t\t<figcaption class='wp-caption-text gallery-caption' id='gallery-2-82349'>\n\t\t\t\tCredits: @lilloletters\n\t\t\t\t<\/figcaption><\/figure>\n\t\t<\/div>\n\n<p>Nous sommes fiers et heureux de contribuer \u00e0 cette passion. C\u2019est aussi pour cela que nous avons perfectionn\u00e9 <a href=\"https:\/\/www.manetti.com\/fr\/shop\/feuille-dor-2\/\" target=\"_blank\" rel=\"noopener\">notre feuille d\u2019or<\/a> au fil des ans, tout en d\u00e9veloppant des outils pratiques pour son application. De cette mani\u00e8re, nous pouvons \u00eatre <strong>votre partenaire exclusif et vous accompagner tout au long de l\u2019exp\u00e9rience artistique<\/strong>.<\/p>\n<p>Aujourd\u2019hui, <strong>notre feuille d\u2019or est un produit de tr\u00e8s haute qualit\u00e9, tant sur le plan esth\u00e9tique que technique<\/strong>. En effet, une feuille d\u2019or parfaite doit r\u00e9pondre aux attentes m\u00eame apr\u00e8s son application. Elle met en valeur le travail de l\u2019artiste ; elle ne doit donc pr\u00e9senter ni grains disgracieux ni plis. C\u2019est pourquoi la feuille de Giusto Manetti Battiloro est plus \u00e9paisse et sans aucune imperfection.<\/p>\n<div id='gallery-3' class='gallery galleryid-82427 gallery-columns-3 gallery-size-medium'><figure class='gallery-item'>\n\t\t\t<div class='gallery-icon landscape'>\n\t\t\t\t<a href='https:\/\/www.manetti.com\/fr\/?attachment_id=82362'><img loading=\"lazy\" decoding=\"async\" width=\"300\" height=\"300\" src=\"https:\/\/www.manetti.com\/wp-content\/uploads\/2025\/06\/manetti-battiloro-insegne-oro-1-300x300.jpg\" class=\"attachment-medium size-medium\" alt=\"\" srcset=\"https:\/\/www.manetti.com\/wp-content\/uploads\/2025\/06\/manetti-battiloro-insegne-oro-1-300x300.jpg 300w, https:\/\/www.manetti.com\/wp-content\/uploads\/2025\/06\/manetti-battiloro-insegne-oro-1-150x150.jpg 150w, https:\/\/www.manetti.com\/wp-content\/uploads\/2025\/06\/manetti-battiloro-insegne-oro-1-768x768.jpg 768w, https:\/\/www.manetti.com\/wp-content\/uploads\/2025\/06\/manetti-battiloro-insegne-oro-1-600x600.jpg 600w, https:\/\/www.manetti.com\/wp-content\/uploads\/2025\/06\/manetti-battiloro-insegne-oro-1-100x100.jpg 100w, https:\/\/www.manetti.com\/wp-content\/uploads\/2025\/06\/manetti-battiloro-insegne-oro-1.jpg 1000w\" sizes=\"auto, (max-width: 300px) 100vw, 300px\" \/><\/a>\n\t\t\t<\/div><\/figure><figure class='gallery-item'>\n\t\t\t<div class='gallery-icon landscape'>\n\t\t\t\t<a href='https:\/\/www.manetti.com\/fr\/?attachment_id=82367'><img loading=\"lazy\" decoding=\"async\" width=\"300\" height=\"300\" src=\"https:\/\/www.manetti.com\/wp-content\/uploads\/2025\/06\/manetti-battiloro-insegne-oro-2-300x300.jpg\" class=\"attachment-medium size-medium\" alt=\"\" srcset=\"https:\/\/www.manetti.com\/wp-content\/uploads\/2025\/06\/manetti-battiloro-insegne-oro-2-300x300.jpg 300w, https:\/\/www.manetti.com\/wp-content\/uploads\/2025\/06\/manetti-battiloro-insegne-oro-2-150x150.jpg 150w, https:\/\/www.manetti.com\/wp-content\/uploads\/2025\/06\/manetti-battiloro-insegne-oro-2-768x768.jpg 768w, https:\/\/www.manetti.com\/wp-content\/uploads\/2025\/06\/manetti-battiloro-insegne-oro-2-600x600.jpg 600w, https:\/\/www.manetti.com\/wp-content\/uploads\/2025\/06\/manetti-battiloro-insegne-oro-2-100x100.jpg 100w, https:\/\/www.manetti.com\/wp-content\/uploads\/2025\/06\/manetti-battiloro-insegne-oro-2.jpg 1000w\" sizes=\"auto, (max-width: 300px) 100vw, 300px\" \/><\/a>\n\t\t\t<\/div><\/figure>\n\t\t<\/div>\n\n<h2>Cependant, une feuille d\u2019or de qualit\u00e9 ne suffit pas. Il faut aussi les bons outils pour l\u2019appliquer parfaitement.<\/h2>\n<p>En plus de l\u2019esth\u00e9tique et de la performance, notre feuille d\u2019or vise \u00e0 lib\u00e9rer la pleine expressivit\u00e9 de l\u2019artiste. C\u2019est pourquoi nous proposons diff\u00e9rentes teintes, allant de l\u2019or jaune au palladium, avec 11 d\u00e9clinaisons \u00e0 d\u00e9couvrir dans <a href=\"https:\/\/mcusercontent.com\/bb3eb4d1bc6ce9c7c50a322a1\/files\/2f4dea78-436e-446a-f6ec-7ce5503e517a\/Catalogo_GMB_2025_DOWNLOAD_compressed_2_.pdf\" target=\"_blank\" rel=\"noopener\">notre catalogue<\/a>.<\/p>\n<p>L\u2019\u00e9tape suivante consiste \u00e0 identifier les \u00e9l\u00e9ments n\u00e9cessaires \u00e0 la transformation du processus artistique en une enseigne personnalis\u00e9e, au-del\u00e0 du seul talent de l\u2019artiste.<\/p>\n<p>Chez Giusto Manetti Battiloro, nous fournissons <strong>tous les outils n\u00e9cessaires pour la dorure sur verre<\/strong>, y compris un <a href=\"https:\/\/www.manetti.com\/fr\/shop\/mixtion-a-lalcool\/\" target=\"_blank\" rel=\"noopener\">mixtion \u00e0 base d\u2019alcool<\/a> \u00e0 appliquer avec le <a href=\"https:\/\/www.manetti.com\/fr\/shop\/pinceaux-ghirlandaio\/\" target=\"_blank\" rel=\"noopener\">pinceau Ghirlandaio<\/a>, ainsi que les nouvelles <a href=\"https:\/\/www.manetti.com\/fr\/shop\/feuilles-de-gelatine\/\">feuilles de g\u00e9latine<\/a>, des adh\u00e9sifs adapt\u00e9s \u00e0 la dorure \u00e0 l\u2019eau sur verre.<\/p>\n<p>Outre la technique, nos produits varient selon la surface sur laquelle l\u2019enseigne est appliqu\u00e9e. Nos pinceaux <a href=\"https:\/\/www.manetti.com\/fr\/shop\/pinceaux-masolino\/\" target=\"_blank\" rel=\"noopener\">Masolino<\/a> et <a href=\"https:\/\/www.manetti.com\/fr\/shop\/pinceaux-perugino\/\" target=\"_blank\" rel=\"noopener\">Perugino<\/a> sont con\u00e7us pour permettre des traits r\u00e9guliers, qu\u2019ils soient courts, moyens ou longs, sur le verre.<\/p>\n<div id='gallery-4' class='gallery galleryid-82427 gallery-columns-3 gallery-size-medium'><figure class='gallery-item'>\n\t\t\t<div class='gallery-icon landscape'>\n\t\t\t\t<a href='https:\/\/www.manetti.com\/fr\/?attachment_id=82383'><img loading=\"lazy\" decoding=\"async\" width=\"300\" height=\"300\" src=\"https:\/\/www.manetti.com\/wp-content\/uploads\/2025\/06\/giusto-manettio-battiloro-pennello-doratura-vetro-300x300.jpg\" class=\"attachment-medium size-medium\" alt=\"\" srcset=\"https:\/\/www.manetti.com\/wp-content\/uploads\/2025\/06\/giusto-manettio-battiloro-pennello-doratura-vetro-300x300.jpg 300w, https:\/\/www.manetti.com\/wp-content\/uploads\/2025\/06\/giusto-manettio-battiloro-pennello-doratura-vetro-150x150.jpg 150w, https:\/\/www.manetti.com\/wp-content\/uploads\/2025\/06\/giusto-manettio-battiloro-pennello-doratura-vetro-768x768.jpg 768w, https:\/\/www.manetti.com\/wp-content\/uploads\/2025\/06\/giusto-manettio-battiloro-pennello-doratura-vetro-600x600.jpg 600w, https:\/\/www.manetti.com\/wp-content\/uploads\/2025\/06\/giusto-manettio-battiloro-pennello-doratura-vetro-100x100.jpg 100w, https:\/\/www.manetti.com\/wp-content\/uploads\/2025\/06\/giusto-manettio-battiloro-pennello-doratura-vetro.jpg 900w\" sizes=\"auto, (max-width: 300px) 100vw, 300px\" \/><\/a>\n\t\t\t<\/div><\/figure><figure class='gallery-item'>\n\t\t\t<div class='gallery-icon landscape'>\n\t\t\t\t<a href='https:\/\/www.manetti.com\/fr\/?attachment_id=82378'><img loading=\"lazy\" decoding=\"async\" width=\"300\" height=\"300\" src=\"https:\/\/www.manetti.com\/wp-content\/uploads\/2025\/06\/giusto-manetti-battiloro-cuscinetto-300x300.jpg\" class=\"attachment-medium size-medium\" alt=\"\" srcset=\"https:\/\/www.manetti.com\/wp-content\/uploads\/2025\/06\/giusto-manetti-battiloro-cuscinetto-300x300.jpg 300w, https:\/\/www.manetti.com\/wp-content\/uploads\/2025\/06\/giusto-manetti-battiloro-cuscinetto-150x150.jpg 150w, https:\/\/www.manetti.com\/wp-content\/uploads\/2025\/06\/giusto-manetti-battiloro-cuscinetto-768x768.jpg 768w, https:\/\/www.manetti.com\/wp-content\/uploads\/2025\/06\/giusto-manetti-battiloro-cuscinetto-600x600.jpg 600w, https:\/\/www.manetti.com\/wp-content\/uploads\/2025\/06\/giusto-manetti-battiloro-cuscinetto-100x100.jpg 100w, https:\/\/www.manetti.com\/wp-content\/uploads\/2025\/06\/giusto-manetti-battiloro-cuscinetto.jpg 1000w\" sizes=\"auto, (max-width: 300px) 100vw, 300px\" \/><\/a>\n\t\t\t<\/div><\/figure>\n\t\t<\/div>\n\n<p>De la lettrine \u00e0 la d\u00e9coration : cr\u00e9er des enseignes dor\u00e9es \u00e0 la main est un art fascinant et intemporel que nous soutenons chez Giusto Manetti Battiloro depuis des si\u00e8cles. <strong>En plus de feuilles d\u2019or de haute qualit\u00e9, nous proposons une large gamme d\u2019outils performants<\/strong>, utiles aussi bien aux professionnels qu\u2019aux d\u00e9butants. Et vous, en faites-vous partie ?<\/p>\n<p>\u00c0 la <a href=\"https:\/\/www.manetti.com\/fr\/academie-dorure\/\" target=\"_blank\" rel=\"noopener\">Gilding Academy<\/a>, nous vous transmettons tout ce qu\u2019il faut savoir sur la restauration et la d\u00e9coration par la technique de la dorure. Amusez-vous bien !<\/p>\n","protected":false},"excerpt":{"rendered":"<p>Si l\u2019on consid\u00e8re la communication visuelle comme un processus artistique, chaque \u00e9l\u00e9ment de l\u2019image de marque devient incroyablement expressif et personnel. Chaque trait et chaque couleur transmet un message intime et irrempla\u00e7able. Cela est encore plus tangible avec nos enseignes faites \u00e0 la main, car l\u2019image sur une vitrine \u2013 qu\u2019il s\u2019agisse d\u2019un salon de [&#8230;]<\/p>\n<p><a class=\"btn btn-secondary understrap-read-more-link\" href=\"https:\/\/www.manetti.com\/fr\/de-la-lettrine-a-la-decoration-personnalisez-votre-enseigne-avec-les-feuilles-dor-de-giusto-manetti-battiloro\/\">Lire la suite&#8230;<\/a><\/p>\n","protected":false},"author":1055,"featured_media":82367,"comment_status":"closed","ping_status":"closed","sticky":false,"template":"","format":"standard","meta":{"_acf_changed":false,"mc4wp_mailchimp_campaign":[],"footnotes":""},"categories":[228],"tags":[],"class_list":["post-82427","post","type-post","status-publish","format-standard","has-post-thumbnail","hentry","category-wikigold-fr"],"acf":[],"yoast_head":"<!-- This site is optimized with the Yoast SEO plugin v26.5 - https:\/\/yoast.com\/wordpress\/plugins\/seo\/ -->\n<title>De la lettrine \u00e0 la d\u00e9coration : personnalisez votre enseigne avec les feuilles d\u2019or de Giusto Manetti Battiloro | Manetti<\/title>\n<meta name=\"robots\" content=\"index, follow, max-snippet:-1, max-image-preview:large, max-video-preview:-1\" \/>\n<link rel=\"canonical\" href=\"https:\/\/www.manetti.com\/fr\/de-la-lettrine-a-la-decoration-personnalisez-votre-enseigne-avec-les-feuilles-dor-de-giusto-manetti-battiloro\/\" \/>\n<meta property=\"og:locale\" content=\"fr_FR\" \/>\n<meta property=\"og:type\" content=\"article\" \/>\n<meta property=\"og:title\" content=\"De la lettrine \u00e0 la d\u00e9coration : personnalisez votre enseigne avec les feuilles d\u2019or de Giusto Manetti Battiloro | Manetti\" \/>\n<meta property=\"og:description\" content=\"Si l\u2019on consid\u00e8re la communication visuelle comme un processus artistique, chaque \u00e9l\u00e9ment de l\u2019image de marque devient incroyablement expressif et personnel. Chaque trait et chaque couleur transmet un message intime et irrempla\u00e7able. Cela est encore plus tangible avec nos enseignes faites \u00e0 la main, car l\u2019image sur une vitrine \u2013 qu\u2019il s\u2019agisse d\u2019un salon de [...]Lire la suite...\" \/>\n<meta property=\"og:url\" content=\"https:\/\/www.manetti.com\/fr\/de-la-lettrine-a-la-decoration-personnalisez-votre-enseigne-avec-les-feuilles-dor-de-giusto-manetti-battiloro\/\" \/>\n<meta property=\"og:site_name\" content=\"Giusto Manetti Battiloro\" \/>\n<meta property=\"article:publisher\" content=\"https:\/\/www.facebook.com\/giustomanettibattiloro\" \/>\n<meta property=\"article:published_time\" content=\"2025-06-26T10:27:42+00:00\" \/>\n<meta property=\"article:modified_time\" content=\"2025-06-26T10:40:09+00:00\" \/>\n<meta property=\"og:image\" content=\"https:\/\/www.manetti.com\/wp-content\/uploads\/2025\/06\/manetti-battiloro-insegne-oro-2.jpg\" \/>\n\t<meta property=\"og:image:width\" content=\"1000\" \/>\n\t<meta property=\"og:image:height\" content=\"1000\" \/>\n\t<meta property=\"og:image:type\" content=\"image\/jpeg\" \/>\n<meta name=\"author\" content=\"Hubic Support\" \/>\n<meta name=\"twitter:card\" content=\"summary_large_image\" \/>\n<meta name=\"twitter:label1\" content=\"\u00c9crit par\" \/>\n\t<meta name=\"twitter:data1\" content=\"Hubic Support\" \/>\n\t<meta name=\"twitter:label2\" content=\"Dur\u00e9e de lecture estim\u00e9e\" \/>\n\t<meta name=\"twitter:data2\" content=\"3 minutes\" \/>\n<script type=\"application\/ld+json\" class=\"yoast-schema-graph\">{\"@context\":\"https:\/\/schema.org\",\"@graph\":[{\"@type\":\"Article\",\"@id\":\"https:\/\/www.manetti.com\/fr\/de-la-lettrine-a-la-decoration-personnalisez-votre-enseigne-avec-les-feuilles-dor-de-giusto-manetti-battiloro\/#article\",\"isPartOf\":{\"@id\":\"https:\/\/www.manetti.com\/fr\/de-la-lettrine-a-la-decoration-personnalisez-votre-enseigne-avec-les-feuilles-dor-de-giusto-manetti-battiloro\/\"},\"author\":{\"name\":\"Hubic Support\",\"@id\":\"https:\/\/www.manetti.com\/fr\/#\/schema\/person\/857d5e73d093a2691c3bb6583c0cd2df\"},\"headline\":\"De la lettrine \u00e0 la d\u00e9coration : personnalisez votre enseigne avec les feuilles d\u2019or de Giusto Manetti Battiloro\",\"datePublished\":\"2025-06-26T10:27:42+00:00\",\"dateModified\":\"2025-06-26T10:40:09+00:00\",\"mainEntityOfPage\":{\"@id\":\"https:\/\/www.manetti.com\/fr\/de-la-lettrine-a-la-decoration-personnalisez-votre-enseigne-avec-les-feuilles-dor-de-giusto-manetti-battiloro\/\"},\"wordCount\":663,\"publisher\":{\"@id\":\"https:\/\/www.manetti.com\/fr\/#organization\"},\"image\":{\"@id\":\"https:\/\/www.manetti.com\/fr\/de-la-lettrine-a-la-decoration-personnalisez-votre-enseigne-avec-les-feuilles-dor-de-giusto-manetti-battiloro\/#primaryimage\"},\"thumbnailUrl\":\"https:\/\/www.manetti.com\/wp-content\/uploads\/2025\/06\/manetti-battiloro-insegne-oro-2.jpg\",\"articleSection\":[\"Wikigold\"],\"inLanguage\":\"fr-FR\"},{\"@type\":\"WebPage\",\"@id\":\"https:\/\/www.manetti.com\/fr\/de-la-lettrine-a-la-decoration-personnalisez-votre-enseigne-avec-les-feuilles-dor-de-giusto-manetti-battiloro\/\",\"url\":\"https:\/\/www.manetti.com\/fr\/de-la-lettrine-a-la-decoration-personnalisez-votre-enseigne-avec-les-feuilles-dor-de-giusto-manetti-battiloro\/\",\"name\":\"De la lettrine \u00e0 la d\u00e9coration : personnalisez votre enseigne avec les feuilles d\u2019or de Giusto Manetti Battiloro | Manetti\",\"isPartOf\":{\"@id\":\"https:\/\/www.manetti.com\/fr\/#website\"},\"primaryImageOfPage\":{\"@id\":\"https:\/\/www.manetti.com\/fr\/de-la-lettrine-a-la-decoration-personnalisez-votre-enseigne-avec-les-feuilles-dor-de-giusto-manetti-battiloro\/#primaryimage\"},\"image\":{\"@id\":\"https:\/\/www.manetti.com\/fr\/de-la-lettrine-a-la-decoration-personnalisez-votre-enseigne-avec-les-feuilles-dor-de-giusto-manetti-battiloro\/#primaryimage\"},\"thumbnailUrl\":\"https:\/\/www.manetti.com\/wp-content\/uploads\/2025\/06\/manetti-battiloro-insegne-oro-2.jpg\",\"datePublished\":\"2025-06-26T10:27:42+00:00\",\"dateModified\":\"2025-06-26T10:40:09+00:00\",\"inLanguage\":\"fr-FR\",\"potentialAction\":[{\"@type\":\"ReadAction\",\"target\":[\"https:\/\/www.manetti.com\/fr\/de-la-lettrine-a-la-decoration-personnalisez-votre-enseigne-avec-les-feuilles-dor-de-giusto-manetti-battiloro\/\"]}]},{\"@type\":\"ImageObject\",\"inLanguage\":\"fr-FR\",\"@id\":\"https:\/\/www.manetti.com\/fr\/de-la-lettrine-a-la-decoration-personnalisez-votre-enseigne-avec-les-feuilles-dor-de-giusto-manetti-battiloro\/#primaryimage\",\"url\":\"https:\/\/www.manetti.com\/wp-content\/uploads\/2025\/06\/manetti-battiloro-insegne-oro-2.jpg\",\"contentUrl\":\"https:\/\/www.manetti.com\/wp-content\/uploads\/2025\/06\/manetti-battiloro-insegne-oro-2.jpg\",\"width\":1000,\"height\":1000},{\"@type\":\"WebSite\",\"@id\":\"https:\/\/www.manetti.com\/fr\/#website\",\"url\":\"https:\/\/www.manetti.com\/fr\/\",\"name\":\"Giusto Manetti Battiloro\",\"description\":\"\",\"publisher\":{\"@id\":\"https:\/\/www.manetti.com\/fr\/#organization\"},\"potentialAction\":[{\"@type\":\"SearchAction\",\"target\":{\"@type\":\"EntryPoint\",\"urlTemplate\":\"https:\/\/www.manetti.com\/fr\/?s={search_term_string}\"},\"query-input\":{\"@type\":\"PropertyValueSpecification\",\"valueRequired\":true,\"valueName\":\"search_term_string\"}}],\"inLanguage\":\"fr-FR\"},{\"@type\":\"Organization\",\"@id\":\"https:\/\/www.manetti.com\/fr\/#organization\",\"name\":\"GIUSTO MANETTI BATTILORO S.P.A.\",\"url\":\"https:\/\/www.manetti.com\/fr\/\",\"logo\":{\"@type\":\"ImageObject\",\"inLanguage\":\"fr-FR\",\"@id\":\"https:\/\/www.manetti.com\/fr\/#\/schema\/logo\/image\/\",\"url\":\"https:\/\/www.manetti.com\/wp-content\/uploads\/2025\/02\/giusto-manetti-blu_300-02.png\",\"contentUrl\":\"https:\/\/www.manetti.com\/wp-content\/uploads\/2025\/02\/giusto-manetti-blu_300-02.png\",\"width\":1123,\"height\":1093,\"caption\":\"GIUSTO MANETTI BATTILORO S.P.A.\"},\"image\":{\"@id\":\"https:\/\/www.manetti.com\/fr\/#\/schema\/logo\/image\/\"},\"sameAs\":[\"https:\/\/www.facebook.com\/giustomanettibattiloro\",\"https:\/\/www.instagram.com\/giustomanettibattiloro\/\",\"https:\/\/www.linkedin.com\/company\/giusto-manetti-battiloro-s-p-a-\/\",\"https:\/\/www.youtube.com\/user\/ManettiBattiloro\"]},{\"@type\":\"Person\",\"@id\":\"https:\/\/www.manetti.com\/fr\/#\/schema\/person\/857d5e73d093a2691c3bb6583c0cd2df\",\"name\":\"Hubic Support\",\"image\":{\"@type\":\"ImageObject\",\"inLanguage\":\"fr-FR\",\"@id\":\"https:\/\/www.manetti.com\/fr\/#\/schema\/person\/image\/\",\"url\":\"https:\/\/secure.gravatar.com\/avatar\/4e27d7cf78e1589a03ebfd2f1baa49f1?s=96&d=mm&r=g\",\"contentUrl\":\"https:\/\/secure.gravatar.com\/avatar\/4e27d7cf78e1589a03ebfd2f1baa49f1?s=96&d=mm&r=g\",\"caption\":\"Hubic Support\"}}]}<\/script>\n<!-- \/ Yoast SEO plugin. -->","yoast_head_json":{"title":"De la lettrine \u00e0 la d\u00e9coration : personnalisez votre enseigne avec les feuilles d\u2019or de Giusto Manetti Battiloro | Manetti","robots":{"index":"index","follow":"follow","max-snippet":"max-snippet:-1","max-image-preview":"max-image-preview:large","max-video-preview":"max-video-preview:-1"},"canonical":"https:\/\/www.manetti.com\/fr\/de-la-lettrine-a-la-decoration-personnalisez-votre-enseigne-avec-les-feuilles-dor-de-giusto-manetti-battiloro\/","og_locale":"fr_FR","og_type":"article","og_title":"De la lettrine \u00e0 la d\u00e9coration : personnalisez votre enseigne avec les feuilles d\u2019or de Giusto Manetti Battiloro | Manetti","og_description":"Si l\u2019on consid\u00e8re la communication visuelle comme un processus artistique, chaque \u00e9l\u00e9ment de l\u2019image de marque devient incroyablement expressif et personnel. Chaque trait et chaque couleur transmet un message intime et irrempla\u00e7able. Cela est encore plus tangible avec nos enseignes faites \u00e0 la main, car l\u2019image sur une vitrine \u2013 qu\u2019il s\u2019agisse d\u2019un salon de [...]Lire la suite...","og_url":"https:\/\/www.manetti.com\/fr\/de-la-lettrine-a-la-decoration-personnalisez-votre-enseigne-avec-les-feuilles-dor-de-giusto-manetti-battiloro\/","og_site_name":"Giusto Manetti Battiloro","article_publisher":"https:\/\/www.facebook.com\/giustomanettibattiloro","article_published_time":"2025-06-26T10:27:42+00:00","article_modified_time":"2025-06-26T10:40:09+00:00","og_image":[{"width":1000,"height":1000,"url":"https:\/\/www.manetti.com\/wp-content\/uploads\/2025\/06\/manetti-battiloro-insegne-oro-2.jpg","type":"image\/jpeg"}],"author":"Hubic Support","twitter_card":"summary_large_image","twitter_misc":{"\u00c9crit par":"Hubic Support","Dur\u00e9e de lecture estim\u00e9e":"3 minutes"},"schema":{"@context":"https:\/\/schema.org","@graph":[{"@type":"Article","@id":"https:\/\/www.manetti.com\/fr\/de-la-lettrine-a-la-decoration-personnalisez-votre-enseigne-avec-les-feuilles-dor-de-giusto-manetti-battiloro\/#article","isPartOf":{"@id":"https:\/\/www.manetti.com\/fr\/de-la-lettrine-a-la-decoration-personnalisez-votre-enseigne-avec-les-feuilles-dor-de-giusto-manetti-battiloro\/"},"author":{"name":"Hubic Support","@id":"https:\/\/www.manetti.com\/fr\/#\/schema\/person\/857d5e73d093a2691c3bb6583c0cd2df"},"headline":"De la lettrine \u00e0 la d\u00e9coration : personnalisez votre enseigne avec les feuilles d\u2019or de Giusto Manetti Battiloro","datePublished":"2025-06-26T10:27:42+00:00","dateModified":"2025-06-26T10:40:09+00:00","mainEntityOfPage":{"@id":"https:\/\/www.manetti.com\/fr\/de-la-lettrine-a-la-decoration-personnalisez-votre-enseigne-avec-les-feuilles-dor-de-giusto-manetti-battiloro\/"},"wordCount":663,"publisher":{"@id":"https:\/\/www.manetti.com\/fr\/#organization"},"image":{"@id":"https:\/\/www.manetti.com\/fr\/de-la-lettrine-a-la-decoration-personnalisez-votre-enseigne-avec-les-feuilles-dor-de-giusto-manetti-battiloro\/#primaryimage"},"thumbnailUrl":"https:\/\/www.manetti.com\/wp-content\/uploads\/2025\/06\/manetti-battiloro-insegne-oro-2.jpg","articleSection":["Wikigold"],"inLanguage":"fr-FR"},{"@type":"WebPage","@id":"https:\/\/www.manetti.com\/fr\/de-la-lettrine-a-la-decoration-personnalisez-votre-enseigne-avec-les-feuilles-dor-de-giusto-manetti-battiloro\/","url":"https:\/\/www.manetti.com\/fr\/de-la-lettrine-a-la-decoration-personnalisez-votre-enseigne-avec-les-feuilles-dor-de-giusto-manetti-battiloro\/","name":"De la lettrine \u00e0 la d\u00e9coration : personnalisez votre enseigne avec les feuilles d\u2019or de Giusto Manetti Battiloro | Manetti","isPartOf":{"@id":"https:\/\/www.manetti.com\/fr\/#website"},"primaryImageOfPage":{"@id":"https:\/\/www.manetti.com\/fr\/de-la-lettrine-a-la-decoration-personnalisez-votre-enseigne-avec-les-feuilles-dor-de-giusto-manetti-battiloro\/#primaryimage"},"image":{"@id":"https:\/\/www.manetti.com\/fr\/de-la-lettrine-a-la-decoration-personnalisez-votre-enseigne-avec-les-feuilles-dor-de-giusto-manetti-battiloro\/#primaryimage"},"thumbnailUrl":"https:\/\/www.manetti.com\/wp-content\/uploads\/2025\/06\/manetti-battiloro-insegne-oro-2.jpg","datePublished":"2025-06-26T10:27:42+00:00","dateModified":"2025-06-26T10:40:09+00:00","inLanguage":"fr-FR","potentialAction":[{"@type":"ReadAction","target":["https:\/\/www.manetti.com\/fr\/de-la-lettrine-a-la-decoration-personnalisez-votre-enseigne-avec-les-feuilles-dor-de-giusto-manetti-battiloro\/"]}]},{"@type":"ImageObject","inLanguage":"fr-FR","@id":"https:\/\/www.manetti.com\/fr\/de-la-lettrine-a-la-decoration-personnalisez-votre-enseigne-avec-les-feuilles-dor-de-giusto-manetti-battiloro\/#primaryimage","url":"https:\/\/www.manetti.com\/wp-content\/uploads\/2025\/06\/manetti-battiloro-insegne-oro-2.jpg","contentUrl":"https:\/\/www.manetti.com\/wp-content\/uploads\/2025\/06\/manetti-battiloro-insegne-oro-2.jpg","width":1000,"height":1000},{"@type":"WebSite","@id":"https:\/\/www.manetti.com\/fr\/#website","url":"https:\/\/www.manetti.com\/fr\/","name":"Giusto Manetti Battiloro","description":"","publisher":{"@id":"https:\/\/www.manetti.com\/fr\/#organization"},"potentialAction":[{"@type":"SearchAction","target":{"@type":"EntryPoint","urlTemplate":"https:\/\/www.manetti.com\/fr\/?s={search_term_string}"},"query-input":{"@type":"PropertyValueSpecification","valueRequired":true,"valueName":"search_term_string"}}],"inLanguage":"fr-FR"},{"@type":"Organization","@id":"https:\/\/www.manetti.com\/fr\/#organization","name":"GIUSTO MANETTI BATTILORO S.P.A.","url":"https:\/\/www.manetti.com\/fr\/","logo":{"@type":"ImageObject","inLanguage":"fr-FR","@id":"https:\/\/www.manetti.com\/fr\/#\/schema\/logo\/image\/","url":"https:\/\/www.manetti.com\/wp-content\/uploads\/2025\/02\/giusto-manetti-blu_300-02.png","contentUrl":"https:\/\/www.manetti.com\/wp-content\/uploads\/2025\/02\/giusto-manetti-blu_300-02.png","width":1123,"height":1093,"caption":"GIUSTO MANETTI BATTILORO S.P.A."},"image":{"@id":"https:\/\/www.manetti.com\/fr\/#\/schema\/logo\/image\/"},"sameAs":["https:\/\/www.facebook.com\/giustomanettibattiloro","https:\/\/www.instagram.com\/giustomanettibattiloro\/","https:\/\/www.linkedin.com\/company\/giusto-manetti-battiloro-s-p-a-\/","https:\/\/www.youtube.com\/user\/ManettiBattiloro"]},{"@type":"Person","@id":"https:\/\/www.manetti.com\/fr\/#\/schema\/person\/857d5e73d093a2691c3bb6583c0cd2df","name":"Hubic Support","image":{"@type":"ImageObject","inLanguage":"fr-FR","@id":"https:\/\/www.manetti.com\/fr\/#\/schema\/person\/image\/","url":"https:\/\/secure.gravatar.com\/avatar\/4e27d7cf78e1589a03ebfd2f1baa49f1?s=96&d=mm&r=g","contentUrl":"https:\/\/secure.gravatar.com\/avatar\/4e27d7cf78e1589a03ebfd2f1baa49f1?s=96&d=mm&r=g","caption":"Hubic Support"}}]}},"_links":{"self":[{"href":"https:\/\/www.manetti.com\/fr\/wp-json\/wp\/v2\/posts\/82427","targetHints":{"allow":["GET"]}}],"collection":[{"href":"https:\/\/www.manetti.com\/fr\/wp-json\/wp\/v2\/posts"}],"about":[{"href":"https:\/\/www.manetti.com\/fr\/wp-json\/wp\/v2\/types\/post"}],"author":[{"embeddable":true,"href":"https:\/\/www.manetti.com\/fr\/wp-json\/wp\/v2\/users\/1055"}],"replies":[{"embeddable":true,"href":"https:\/\/www.manetti.com\/fr\/wp-json\/wp\/v2\/comments?post=82427"}],"version-history":[{"count":0,"href":"https:\/\/www.manetti.com\/fr\/wp-json\/wp\/v2\/posts\/82427\/revisions"}],"wp:featuredmedia":[{"embeddable":true,"href":"https:\/\/www.manetti.com\/fr\/wp-json\/wp\/v2\/media\/82367"}],"wp:attachment":[{"href":"https:\/\/www.manetti.com\/fr\/wp-json\/wp\/v2\/media?parent=82427"}],"wp:term":[{"taxonomy":"category","embeddable":true,"href":"https:\/\/www.manetti.com\/fr\/wp-json\/wp\/v2\/categories?post=82427"},{"taxonomy":"post_tag","embeddable":true,"href":"https:\/\/www.manetti.com\/fr\/wp-json\/wp\/v2\/tags?post=82427"}],"curies":[{"name":"wp","href":"https:\/\/api.w.org\/{rel}","templated":true}]}}