{"id":83632,"date":"2025-09-12T14:06:12","date_gmt":"2025-09-12T12:06:12","guid":{"rendered":"https:\/\/www.manetti.com\/?p=83632"},"modified":"2025-09-12T14:06:37","modified_gmt":"2025-09-12T12:06:37","slug":"gamme-beaux-arts-valorisez-lexperience-en-magasin-grace-au-bon-presentoir","status":"publish","type":"post","link":"https:\/\/www.manetti.com\/fr\/gamme-beaux-arts-valorisez-lexperience-en-magasin-grace-au-bon-presentoir\/","title":{"rendered":"Gamme beaux-arts : valorisez l\u2019exp\u00e9rience en magasin gr\u00e2ce au bon pr\u00e9sentoir"},"content":{"rendered":"<p>Un magasin qui met en valeur l\u2019exp\u00e9rience d\u2019achat de ses clients est accueillant, bien con\u00e7u et encourage de mani\u00e8re intelligente et fonctionnelle la d\u00e9couverte de ses produits. Il guide naturellement les visiteurs vers l\u2019achat final ou, \u00e0 d\u00e9faut, rend leur exp\u00e9rience en magasin m\u00e9morable et surtout reproductible, transformant ainsi votre boutique en un point de r\u00e9f\u00e9rence pour chaque besoin futur.<\/p>\n<p><strong>Notre pr\u00e9sentoir de beaux-arts a \u00e9t\u00e9 con\u00e7u sp\u00e9cifiquement pour vous aider \u00e0 valoriser nos produits et l\u2019exp\u00e9rience d\u2019achat de vos clients.<\/strong><\/p>\n<p><img loading=\"lazy\" decoding=\"async\" class=\"aligncenter wp-image-83581\" src=\"https:\/\/www.manetti.com\/wp-content\/uploads\/2025\/09\/fine-arts-line-display-giusto-manetti-battiloro-684x1024.jpg\" alt=\"\" width=\"300\" height=\"449\" srcset=\"https:\/\/www.manetti.com\/wp-content\/uploads\/2025\/09\/fine-arts-line-display-giusto-manetti-battiloro-684x1024.jpg 684w, https:\/\/www.manetti.com\/wp-content\/uploads\/2025\/09\/fine-arts-line-display-giusto-manetti-battiloro-200x300.jpg 200w, https:\/\/www.manetti.com\/wp-content\/uploads\/2025\/09\/fine-arts-line-display-giusto-manetti-battiloro-768x1151.jpg 768w, https:\/\/www.manetti.com\/wp-content\/uploads\/2025\/09\/fine-arts-line-display-giusto-manetti-battiloro-600x899.jpg 600w, https:\/\/www.manetti.com\/wp-content\/uploads\/2025\/09\/fine-arts-line-display-giusto-manetti-battiloro.jpg 801w\" sizes=\"auto, (max-width: 300px) 100vw, 300px\" \/><\/p>\n<h2><strong>Les premi\u00e8res impressions comptent<\/strong><\/h2>\n<p><strong>Organisation, logique et clart\u00e9 : notre vitrine invite \u00e0 d\u00e9couvrir<a href=\"https:\/\/www.manetti.com\/fr\/qui-sommes-nous\/ligne-beaux-arts-connaissances\/\" target=\"_blank\" rel=\"noopener\"> toute la gamme des objets d\u2019arts d\u00e9coratifs<\/a><\/strong>, en aidant chacun \u00e0 les identifier au premier coup d\u2019\u0153il !<br \/>\nElle est compos\u00e9e de <strong>plusieurs \u00e9tag\u00e8res modulables<\/strong> et \u00e9quip\u00e9e de <strong>spots pratiques<\/strong> qui, en plus d\u2019am\u00e9liorer la visibilit\u00e9 des produits, r\u00e9v\u00e8lent l\u2019une des principales caract\u00e9ristiques de l\u2019or : son \u00e9clat, ou plut\u00f4t sa pr\u00e9ciosit\u00e9.<br \/>\nLa couleur que nous avons choisie soutient \u00e9galement une pr\u00e9sentation particuli\u00e8rement raffin\u00e9e et lumineuse : le charme du blanc !<br \/>\nLe bois, en revanche, mat\u00e9riau constituant la structure de la vitrine, a \u00e9t\u00e9 choisi pour garantir solidit\u00e9 et durabilit\u00e9, surtout dans la perspective d\u2019encourager le public \u00e0 interagir avec les objets.<\/p>\n<p>Quelques sp\u00e9cifications, dimensions et caract\u00e9ristiques de notre pr\u00e9sentoir pour articles de beaux-arts<\/p>\n<ul>\n<li>Con\u00e7u pour accueillir des produits de 125 ml \u00e0 1 litre<\/li>\n<li>Dimensions totales (LxPxH) : 60 x 45 x 220 cm<\/li>\n<li>Profondeur de l\u2019\u00e9tag\u00e8re de base : 45 cm<\/li>\n<li>Profondeur des 4 \u00e9tag\u00e8res r\u00e9glables : 35 cm<\/li>\n<li>Crochets pour pr\u00e9sentoir \u00e0 blisters<\/li>\n<li>S\u00e9parateurs pour l\u2019organisation des \u00e9tag\u00e8res<\/li>\n<\/ul>\n<p><img loading=\"lazy\" decoding=\"async\" class=\"aligncenter wp-image-83586\" src=\"https:\/\/www.manetti.com\/wp-content\/uploads\/2025\/09\/fine-arts-line-product-giusto-manetti-battiloro-4-1024x683.jpg\" alt=\"\" width=\"450\" height=\"300\" srcset=\"https:\/\/www.manetti.com\/wp-content\/uploads\/2025\/09\/fine-arts-line-product-giusto-manetti-battiloro-4-1024x683.jpg 1024w, https:\/\/www.manetti.com\/wp-content\/uploads\/2025\/09\/fine-arts-line-product-giusto-manetti-battiloro-4-300x200.jpg 300w, https:\/\/www.manetti.com\/wp-content\/uploads\/2025\/09\/fine-arts-line-product-giusto-manetti-battiloro-4-768x512.jpg 768w, https:\/\/www.manetti.com\/wp-content\/uploads\/2025\/09\/fine-arts-line-product-giusto-manetti-battiloro-4-1536x1024.jpg 1536w, https:\/\/www.manetti.com\/wp-content\/uploads\/2025\/09\/fine-arts-line-product-giusto-manetti-battiloro-4-600x400.jpg 600w, https:\/\/www.manetti.com\/wp-content\/uploads\/2025\/09\/fine-arts-line-product-giusto-manetti-battiloro-4.jpg 1920w\" sizes=\"auto, (max-width: 450px) 100vw, 450px\" \/><\/p>\n<h2><strong>Plus accessible signifie aussi plus attractif<\/strong><\/h2>\n<p><strong>Chaque cat\u00e9gorie de produits dispose de son propre espace dans le pr\u00e9sentoir<\/strong>, ce qui permet aux clients d\u2019identifier imm\u00e9diatement ce dont ils ont besoin et m\u00eame de d\u00e9couvrir ce qu\u2019ils n\u2019avaient pas pr\u00e9vu de chercher : <strong>une bonne exp\u00e9rience d\u2019achat accompagne toujours le client vers la d\u00e9couverte de nouveaux articles !<\/strong><\/p>\n<p>Cette logique est \u00e9galement utile pour r\u00e9organiser et r\u00e9agencer les \u00e9tag\u00e8res tout en maintenant l\u2019ordre.<br \/>\n\u00c0 cet \u00e9gard, nous avons souhait\u00e9 diff\u00e9rencier <strong>chaque cat\u00e9gorie de produits<\/strong> non seulement par sa position dans le pr\u00e9sentoir, mais aussi par la couleur : nous avons cr\u00e9\u00e9 <strong>des \u00e9tiquettes adh\u00e9sives pratiques \u00e0 appliquer sur chaque \u00e9tag\u00e8re, chacune avec une teinte diff\u00e9rente<\/strong>. De cette fa\u00e7on, chaque couleur indique une cat\u00e9gorie de produits : le bleu, par exemple, accompagne les articles de dorure \u00e0 l\u2019eau, le vert identifie les protections, tandis que le gris regroupe tous les outils.<\/p>\n<div id='gallery-1' class='gallery galleryid-83632 gallery-columns-2 gallery-size-medium'><figure class='gallery-item'>\n\t\t\t<div class='gallery-icon landscape'>\n\t\t\t\t<a href='https:\/\/www.manetti.com\/fr\/gamme-beaux-arts-valorisez-lexperience-en-magasin-grace-au-bon-presentoir\/attachment\/fine-arts-line-product-giusto-manetti-battiloro-1-2\/'><img loading=\"lazy\" decoding=\"async\" width=\"300\" height=\"200\" src=\"https:\/\/www.manetti.com\/wp-content\/uploads\/2025\/09\/fine-arts-line-product-giusto-manetti-battiloro-1-300x200.jpg\" class=\"attachment-medium size-medium\" alt=\"\" srcset=\"https:\/\/www.manetti.com\/wp-content\/uploads\/2025\/09\/fine-arts-line-product-giusto-manetti-battiloro-1-300x200.jpg 300w, https:\/\/www.manetti.com\/wp-content\/uploads\/2025\/09\/fine-arts-line-product-giusto-manetti-battiloro-1-768x513.jpg 768w, https:\/\/www.manetti.com\/wp-content\/uploads\/2025\/09\/fine-arts-line-product-giusto-manetti-battiloro-1-600x401.jpg 600w, https:\/\/www.manetti.com\/wp-content\/uploads\/2025\/09\/fine-arts-line-product-giusto-manetti-battiloro-1.jpg 900w\" sizes=\"auto, (max-width: 300px) 100vw, 300px\" \/><\/a>\n\t\t\t<\/div><\/figure><figure class='gallery-item'>\n\t\t\t<div class='gallery-icon landscape'>\n\t\t\t\t<a href='https:\/\/www.manetti.com\/fr\/gamme-beaux-arts-valorisez-lexperience-en-magasin-grace-au-bon-presentoir\/attachment\/fine-arts-line-product-giusto-manetti-battiloro-2-2\/'><img loading=\"lazy\" decoding=\"async\" width=\"300\" height=\"200\" src=\"https:\/\/www.manetti.com\/wp-content\/uploads\/2025\/09\/fine-arts-line-product-giusto-manetti-battiloro-2-300x200.jpg\" class=\"attachment-medium size-medium\" alt=\"\" srcset=\"https:\/\/www.manetti.com\/wp-content\/uploads\/2025\/09\/fine-arts-line-product-giusto-manetti-battiloro-2-300x200.jpg 300w, https:\/\/www.manetti.com\/wp-content\/uploads\/2025\/09\/fine-arts-line-product-giusto-manetti-battiloro-2-768x513.jpg 768w, https:\/\/www.manetti.com\/wp-content\/uploads\/2025\/09\/fine-arts-line-product-giusto-manetti-battiloro-2-600x401.jpg 600w, https:\/\/www.manetti.com\/wp-content\/uploads\/2025\/09\/fine-arts-line-product-giusto-manetti-battiloro-2.jpg 900w\" sizes=\"auto, (max-width: 300px) 100vw, 300px\" \/><\/a>\n\t\t\t<\/div><\/figure>\n\t\t<\/div>\n\n<h2><strong>Pr&eacute;cieux, d&eacute;sirable, s&ucirc;r : notre vitrine en plexiglas<\/strong><\/h2>\n<p>La vitrine en plexiglas est un accessoire suppl&eacute;mentaire que vous pouvez choisir d&rsquo;int&eacute;grer ou non &agrave; votre pr&eacute;sentoir Giusto Manetti Battiloro. Nous l&rsquo;avons con&ccedil;ue comme une solution unique aux multiples objectifs :<\/p>\n<ul>\n<li>conserver en toute s&eacute;curit&eacute; (et en toute tranquillit&eacute;) les articles en m&eacute;taux pr&eacute;cieux, de la feuille d&rsquo;or 24 carats &agrave; l&rsquo;argent<\/li>\n<li>garantir une visibilit&eacute; maximale du produit tout en le prot&eacute;geant<\/li>\n<\/ul>\n<p>Vous pouvez acheter notre vitrine s&eacute;par&eacute;ment en choisissant entre deux formats : la petite (60 x 35 cm) ou la grande (60 x 45 cm).<\/p>\n<p><img loading=\"lazy\" decoding=\"async\" class=\"aligncenter wp-image-83601\" src=\"https:\/\/www.manetti.com\/wp-content\/uploads\/2025\/09\/fine-arts-line-product-giusto-manetti-battiloro-3.jpg\" alt=\"\" width=\"450\" height=\"301\" srcset=\"https:\/\/www.manetti.com\/wp-content\/uploads\/2025\/09\/fine-arts-line-product-giusto-manetti-battiloro-3.jpg 900w, https:\/\/www.manetti.com\/wp-content\/uploads\/2025\/09\/fine-arts-line-product-giusto-manetti-battiloro-3-300x200.jpg 300w, https:\/\/www.manetti.com\/wp-content\/uploads\/2025\/09\/fine-arts-line-product-giusto-manetti-battiloro-3-768x513.jpg 768w, https:\/\/www.manetti.com\/wp-content\/uploads\/2025\/09\/fine-arts-line-product-giusto-manetti-battiloro-3-600x401.jpg 600w\" sizes=\"auto, (max-width: 450px) 100vw, 450px\" \/><\/p>\n<h2><strong>Nos vitrines s&rsquo;adaptent &agrave; tous les espaces<\/strong><\/h2>\n<p>Avez-vous des besoins plus discrets ? Ou disposez-vous de grands espaces d&rsquo;exposition ?<br \/>Notre pr&eacute;sentoir change d&rsquo;&eacute;chelle pour s&rsquo;adapter &agrave; votre environnement : apr&egrave;s tout, une autre exigence d&rsquo;un magasin bien con&ccedil;u est que chaque meuble refl&egrave;te son style.<\/p>\n<ul>\n<li><a href=\"https:\/\/www.manetti.com\/fr\/produit\/presentoir-pour-les-beaux-arts\/\" target=\"_blank\">Pr&eacute;sentoir de comptoir<\/a> : un format compact et organis&eacute; pour pr&eacute;senter notre gamme compl&egrave;te de produits de beaux-arts. R&eacute;alis&eacute; en carton et de couleur cr&egrave;me, il offre une organisation claire et ordonn&eacute;e des articles, ainsi qu&rsquo;un acc&egrave;s agr&eacute;able<br \/><strong>Dimensions totales (LxPxH)<\/strong>&nbsp;: 48 x 30 x 60 cm<br \/><strong>Profondeur de base<\/strong>&nbsp;: 30 cm\n<\/li>\n<li><strong>Vitrine pour grands magasins<\/strong>&nbsp;: une &eacute;tag&egrave;re en aluminium con&ccedil;ue pour accueillir nos produits de beaux-arts dans un espace clair et organis&eacute;, pour des articles allant de 125 ml &agrave; 5 kg.<\/li>\n<\/ul>\n<p>Une vitrine &agrave; la hauteur des produits qu&rsquo;elle expose ne se contente pas de favoriser la d&eacute;couverte par le client : elle refl&egrave;te &eacute;galement leur pr&eacute;ciosit&eacute;. Choisissez nos pr&eacute;sentoirs pour offrir &agrave; vos clients une exp&eacute;rience d&rsquo;achat fonctionnelle et raffin&eacute;e.<\/p>\n<p>Vous souhaitez en savoir plus sur nos solutions ? Contactez-nous pour recevoir le catalogue d&eacute;di&eacute; &agrave; nos vitrines !<\/p>\n<p><img loading=\"lazy\" decoding=\"async\" class=\"aligncenter wp-image-83606\" src=\"https:\/\/www.manetti.com\/wp-content\/uploads\/2025\/09\/fine-arts-line-display-giusto-manetti-battiloro-2-1024x755.jpg\" alt=\"\" width=\"450\" height=\"332\" srcset=\"https:\/\/www.manetti.com\/wp-content\/uploads\/2025\/09\/fine-arts-line-display-giusto-manetti-battiloro-2-1024x755.jpg 1024w, https:\/\/www.manetti.com\/wp-content\/uploads\/2025\/09\/fine-arts-line-display-giusto-manetti-battiloro-2-300x221.jpg 300w, https:\/\/www.manetti.com\/wp-content\/uploads\/2025\/09\/fine-arts-line-display-giusto-manetti-battiloro-2-768x566.jpg 768w, https:\/\/www.manetti.com\/wp-content\/uploads\/2025\/09\/fine-arts-line-display-giusto-manetti-battiloro-2-1536x1132.jpg 1536w, https:\/\/www.manetti.com\/wp-content\/uploads\/2025\/09\/fine-arts-line-display-giusto-manetti-battiloro-2-2048x1509.jpg 2048w, https:\/\/www.manetti.com\/wp-content\/uploads\/2025\/09\/fine-arts-line-display-giusto-manetti-battiloro-2-600x442.jpg 600w\" sizes=\"auto, (max-width: 450px) 100vw, 450px\" \/><\/p>\n","protected":false},"excerpt":{"rendered":"<p>Un magasin qui met en valeur l\u2019exp\u00e9rience d\u2019achat de ses clients est accueillant, bien con\u00e7u et encourage de mani\u00e8re intelligente et fonctionnelle la d\u00e9couverte de ses produits. Il guide naturellement les visiteurs vers l\u2019achat final ou, \u00e0 d\u00e9faut, rend leur exp\u00e9rience en magasin m\u00e9morable et surtout reproductible, transformant ainsi votre boutique en un point de [&#8230;]<\/p>\n<p><a class=\"btn btn-secondary understrap-read-more-link\" href=\"https:\/\/www.manetti.com\/fr\/gamme-beaux-arts-valorisez-lexperience-en-magasin-grace-au-bon-presentoir\/\">Lire la suite&#8230;<\/a><\/p>\n","protected":false},"author":1055,"featured_media":83633,"comment_status":"closed","ping_status":"closed","sticky":false,"template":"","format":"standard","meta":{"_acf_changed":false,"mc4wp_mailchimp_campaign":[],"footnotes":""},"categories":[228],"tags":[],"class_list":["post-83632","post","type-post","status-publish","format-standard","has-post-thumbnail","hentry","category-wikigold-fr"],"acf":[],"yoast_head":"<!-- This site is optimized with the Yoast SEO plugin v26.5 - https:\/\/yoast.com\/wordpress\/plugins\/seo\/ -->\n<title>Gamme beaux-arts : valorisez l\u2019exp\u00e9rience en magasin gr\u00e2ce au bon pr\u00e9sentoir | Manetti<\/title>\n<meta name=\"robots\" content=\"index, follow, max-snippet:-1, max-image-preview:large, max-video-preview:-1\" \/>\n<link rel=\"canonical\" href=\"https:\/\/www.manetti.com\/fr\/gamme-beaux-arts-valorisez-lexperience-en-magasin-grace-au-bon-presentoir\/\" \/>\n<meta property=\"og:locale\" content=\"fr_FR\" \/>\n<meta property=\"og:type\" content=\"article\" \/>\n<meta property=\"og:title\" content=\"Gamme beaux-arts : valorisez l\u2019exp\u00e9rience en magasin gr\u00e2ce au bon pr\u00e9sentoir | Manetti\" \/>\n<meta property=\"og:description\" content=\"Un magasin qui met en valeur l\u2019exp\u00e9rience d\u2019achat de ses clients est accueillant, bien con\u00e7u et encourage de mani\u00e8re intelligente et fonctionnelle la d\u00e9couverte de ses produits. Il guide naturellement les visiteurs vers l\u2019achat final ou, \u00e0 d\u00e9faut, rend leur exp\u00e9rience en magasin m\u00e9morable et surtout reproductible, transformant ainsi votre boutique en un point de [...]Lire la suite...\" \/>\n<meta property=\"og:url\" content=\"https:\/\/www.manetti.com\/fr\/gamme-beaux-arts-valorisez-lexperience-en-magasin-grace-au-bon-presentoir\/\" \/>\n<meta property=\"og:site_name\" content=\"Giusto Manetti Battiloro\" \/>\n<meta property=\"article:publisher\" content=\"https:\/\/www.facebook.com\/giustomanettibattiloro\" \/>\n<meta property=\"article:published_time\" content=\"2025-09-12T12:06:12+00:00\" \/>\n<meta property=\"article:modified_time\" content=\"2025-09-12T12:06:37+00:00\" \/>\n<meta property=\"og:image\" content=\"https:\/\/www.manetti.com\/wp-content\/uploads\/2025\/09\/presentoir-au-sol-giusto-manetti-battiloro.png\" \/>\n\t<meta property=\"og:image:width\" content=\"1080\" \/>\n\t<meta property=\"og:image:height\" content=\"1080\" \/>\n\t<meta property=\"og:image:type\" content=\"image\/png\" \/>\n<meta name=\"author\" content=\"Hubic Support\" \/>\n<meta name=\"twitter:card\" content=\"summary_large_image\" \/>\n<meta name=\"twitter:label1\" content=\"\u00c9crit par\" \/>\n\t<meta name=\"twitter:data1\" content=\"Hubic Support\" \/>\n\t<meta name=\"twitter:label2\" content=\"Dur\u00e9e de lecture estim\u00e9e\" \/>\n\t<meta name=\"twitter:data2\" content=\"4 minutes\" \/>\n<script type=\"application\/ld+json\" class=\"yoast-schema-graph\">{\"@context\":\"https:\/\/schema.org\",\"@graph\":[{\"@type\":\"Article\",\"@id\":\"https:\/\/www.manetti.com\/fr\/gamme-beaux-arts-valorisez-lexperience-en-magasin-grace-au-bon-presentoir\/#article\",\"isPartOf\":{\"@id\":\"https:\/\/www.manetti.com\/fr\/gamme-beaux-arts-valorisez-lexperience-en-magasin-grace-au-bon-presentoir\/\"},\"author\":{\"name\":\"Hubic Support\",\"@id\":\"https:\/\/www.manetti.com\/fr\/#\/schema\/person\/857d5e73d093a2691c3bb6583c0cd2df\"},\"headline\":\"Gamme beaux-arts : valorisez l\u2019exp\u00e9rience en magasin gr\u00e2ce au bon pr\u00e9sentoir\",\"datePublished\":\"2025-09-12T12:06:12+00:00\",\"dateModified\":\"2025-09-12T12:06:37+00:00\",\"mainEntityOfPage\":{\"@id\":\"https:\/\/www.manetti.com\/fr\/gamme-beaux-arts-valorisez-lexperience-en-magasin-grace-au-bon-presentoir\/\"},\"wordCount\":841,\"publisher\":{\"@id\":\"https:\/\/www.manetti.com\/fr\/#organization\"},\"image\":{\"@id\":\"https:\/\/www.manetti.com\/fr\/gamme-beaux-arts-valorisez-lexperience-en-magasin-grace-au-bon-presentoir\/#primaryimage\"},\"thumbnailUrl\":\"https:\/\/www.manetti.com\/wp-content\/uploads\/2025\/09\/presentoir-au-sol-giusto-manetti-battiloro.png\",\"articleSection\":[\"Wikigold\"],\"inLanguage\":\"fr-FR\"},{\"@type\":\"WebPage\",\"@id\":\"https:\/\/www.manetti.com\/fr\/gamme-beaux-arts-valorisez-lexperience-en-magasin-grace-au-bon-presentoir\/\",\"url\":\"https:\/\/www.manetti.com\/fr\/gamme-beaux-arts-valorisez-lexperience-en-magasin-grace-au-bon-presentoir\/\",\"name\":\"Gamme beaux-arts : valorisez l\u2019exp\u00e9rience en magasin gr\u00e2ce au bon pr\u00e9sentoir | Manetti\",\"isPartOf\":{\"@id\":\"https:\/\/www.manetti.com\/fr\/#website\"},\"primaryImageOfPage\":{\"@id\":\"https:\/\/www.manetti.com\/fr\/gamme-beaux-arts-valorisez-lexperience-en-magasin-grace-au-bon-presentoir\/#primaryimage\"},\"image\":{\"@id\":\"https:\/\/www.manetti.com\/fr\/gamme-beaux-arts-valorisez-lexperience-en-magasin-grace-au-bon-presentoir\/#primaryimage\"},\"thumbnailUrl\":\"https:\/\/www.manetti.com\/wp-content\/uploads\/2025\/09\/presentoir-au-sol-giusto-manetti-battiloro.png\",\"datePublished\":\"2025-09-12T12:06:12+00:00\",\"dateModified\":\"2025-09-12T12:06:37+00:00\",\"inLanguage\":\"fr-FR\",\"potentialAction\":[{\"@type\":\"ReadAction\",\"target\":[\"https:\/\/www.manetti.com\/fr\/gamme-beaux-arts-valorisez-lexperience-en-magasin-grace-au-bon-presentoir\/\"]}]},{\"@type\":\"ImageObject\",\"inLanguage\":\"fr-FR\",\"@id\":\"https:\/\/www.manetti.com\/fr\/gamme-beaux-arts-valorisez-lexperience-en-magasin-grace-au-bon-presentoir\/#primaryimage\",\"url\":\"https:\/\/www.manetti.com\/wp-content\/uploads\/2025\/09\/presentoir-au-sol-giusto-manetti-battiloro.png\",\"contentUrl\":\"https:\/\/www.manetti.com\/wp-content\/uploads\/2025\/09\/presentoir-au-sol-giusto-manetti-battiloro.png\",\"width\":1080,\"height\":1080},{\"@type\":\"WebSite\",\"@id\":\"https:\/\/www.manetti.com\/fr\/#website\",\"url\":\"https:\/\/www.manetti.com\/fr\/\",\"name\":\"Giusto Manetti Battiloro\",\"description\":\"\",\"publisher\":{\"@id\":\"https:\/\/www.manetti.com\/fr\/#organization\"},\"potentialAction\":[{\"@type\":\"SearchAction\",\"target\":{\"@type\":\"EntryPoint\",\"urlTemplate\":\"https:\/\/www.manetti.com\/fr\/?s={search_term_string}\"},\"query-input\":{\"@type\":\"PropertyValueSpecification\",\"valueRequired\":true,\"valueName\":\"search_term_string\"}}],\"inLanguage\":\"fr-FR\"},{\"@type\":\"Organization\",\"@id\":\"https:\/\/www.manetti.com\/fr\/#organization\",\"name\":\"GIUSTO MANETTI BATTILORO S.P.A.\",\"url\":\"https:\/\/www.manetti.com\/fr\/\",\"logo\":{\"@type\":\"ImageObject\",\"inLanguage\":\"fr-FR\",\"@id\":\"https:\/\/www.manetti.com\/fr\/#\/schema\/logo\/image\/\",\"url\":\"https:\/\/www.manetti.com\/wp-content\/uploads\/2025\/02\/giusto-manetti-blu_300-02.png\",\"contentUrl\":\"https:\/\/www.manetti.com\/wp-content\/uploads\/2025\/02\/giusto-manetti-blu_300-02.png\",\"width\":1123,\"height\":1093,\"caption\":\"GIUSTO MANETTI BATTILORO S.P.A.\"},\"image\":{\"@id\":\"https:\/\/www.manetti.com\/fr\/#\/schema\/logo\/image\/\"},\"sameAs\":[\"https:\/\/www.facebook.com\/giustomanettibattiloro\",\"https:\/\/www.instagram.com\/giustomanettibattiloro\/\",\"https:\/\/www.linkedin.com\/company\/giusto-manetti-battiloro-s-p-a-\/\",\"https:\/\/www.youtube.com\/user\/ManettiBattiloro\"]},{\"@type\":\"Person\",\"@id\":\"https:\/\/www.manetti.com\/fr\/#\/schema\/person\/857d5e73d093a2691c3bb6583c0cd2df\",\"name\":\"Hubic Support\",\"image\":{\"@type\":\"ImageObject\",\"inLanguage\":\"fr-FR\",\"@id\":\"https:\/\/www.manetti.com\/fr\/#\/schema\/person\/image\/\",\"url\":\"https:\/\/secure.gravatar.com\/avatar\/4e27d7cf78e1589a03ebfd2f1baa49f1?s=96&d=mm&r=g\",\"contentUrl\":\"https:\/\/secure.gravatar.com\/avatar\/4e27d7cf78e1589a03ebfd2f1baa49f1?s=96&d=mm&r=g\",\"caption\":\"Hubic Support\"}}]}<\/script>\n<!-- \/ Yoast SEO plugin. -->","yoast_head_json":{"title":"Gamme beaux-arts : valorisez l\u2019exp\u00e9rience en magasin gr\u00e2ce au bon pr\u00e9sentoir | Manetti","robots":{"index":"index","follow":"follow","max-snippet":"max-snippet:-1","max-image-preview":"max-image-preview:large","max-video-preview":"max-video-preview:-1"},"canonical":"https:\/\/www.manetti.com\/fr\/gamme-beaux-arts-valorisez-lexperience-en-magasin-grace-au-bon-presentoir\/","og_locale":"fr_FR","og_type":"article","og_title":"Gamme beaux-arts : valorisez l\u2019exp\u00e9rience en magasin gr\u00e2ce au bon pr\u00e9sentoir | Manetti","og_description":"Un magasin qui met en valeur l\u2019exp\u00e9rience d\u2019achat de ses clients est accueillant, bien con\u00e7u et encourage de mani\u00e8re intelligente et fonctionnelle la d\u00e9couverte de ses produits. Il guide naturellement les visiteurs vers l\u2019achat final ou, \u00e0 d\u00e9faut, rend leur exp\u00e9rience en magasin m\u00e9morable et surtout reproductible, transformant ainsi votre boutique en un point de [...]Lire la suite...","og_url":"https:\/\/www.manetti.com\/fr\/gamme-beaux-arts-valorisez-lexperience-en-magasin-grace-au-bon-presentoir\/","og_site_name":"Giusto Manetti Battiloro","article_publisher":"https:\/\/www.facebook.com\/giustomanettibattiloro","article_published_time":"2025-09-12T12:06:12+00:00","article_modified_time":"2025-09-12T12:06:37+00:00","og_image":[{"width":1080,"height":1080,"url":"https:\/\/www.manetti.com\/wp-content\/uploads\/2025\/09\/presentoir-au-sol-giusto-manetti-battiloro.png","type":"image\/png"}],"author":"Hubic Support","twitter_card":"summary_large_image","twitter_misc":{"\u00c9crit par":"Hubic Support","Dur\u00e9e de lecture estim\u00e9e":"4 minutes"},"schema":{"@context":"https:\/\/schema.org","@graph":[{"@type":"Article","@id":"https:\/\/www.manetti.com\/fr\/gamme-beaux-arts-valorisez-lexperience-en-magasin-grace-au-bon-presentoir\/#article","isPartOf":{"@id":"https:\/\/www.manetti.com\/fr\/gamme-beaux-arts-valorisez-lexperience-en-magasin-grace-au-bon-presentoir\/"},"author":{"name":"Hubic Support","@id":"https:\/\/www.manetti.com\/fr\/#\/schema\/person\/857d5e73d093a2691c3bb6583c0cd2df"},"headline":"Gamme beaux-arts : valorisez l\u2019exp\u00e9rience en magasin gr\u00e2ce au bon pr\u00e9sentoir","datePublished":"2025-09-12T12:06:12+00:00","dateModified":"2025-09-12T12:06:37+00:00","mainEntityOfPage":{"@id":"https:\/\/www.manetti.com\/fr\/gamme-beaux-arts-valorisez-lexperience-en-magasin-grace-au-bon-presentoir\/"},"wordCount":841,"publisher":{"@id":"https:\/\/www.manetti.com\/fr\/#organization"},"image":{"@id":"https:\/\/www.manetti.com\/fr\/gamme-beaux-arts-valorisez-lexperience-en-magasin-grace-au-bon-presentoir\/#primaryimage"},"thumbnailUrl":"https:\/\/www.manetti.com\/wp-content\/uploads\/2025\/09\/presentoir-au-sol-giusto-manetti-battiloro.png","articleSection":["Wikigold"],"inLanguage":"fr-FR"},{"@type":"WebPage","@id":"https:\/\/www.manetti.com\/fr\/gamme-beaux-arts-valorisez-lexperience-en-magasin-grace-au-bon-presentoir\/","url":"https:\/\/www.manetti.com\/fr\/gamme-beaux-arts-valorisez-lexperience-en-magasin-grace-au-bon-presentoir\/","name":"Gamme beaux-arts : valorisez l\u2019exp\u00e9rience en magasin gr\u00e2ce au bon pr\u00e9sentoir | Manetti","isPartOf":{"@id":"https:\/\/www.manetti.com\/fr\/#website"},"primaryImageOfPage":{"@id":"https:\/\/www.manetti.com\/fr\/gamme-beaux-arts-valorisez-lexperience-en-magasin-grace-au-bon-presentoir\/#primaryimage"},"image":{"@id":"https:\/\/www.manetti.com\/fr\/gamme-beaux-arts-valorisez-lexperience-en-magasin-grace-au-bon-presentoir\/#primaryimage"},"thumbnailUrl":"https:\/\/www.manetti.com\/wp-content\/uploads\/2025\/09\/presentoir-au-sol-giusto-manetti-battiloro.png","datePublished":"2025-09-12T12:06:12+00:00","dateModified":"2025-09-12T12:06:37+00:00","inLanguage":"fr-FR","potentialAction":[{"@type":"ReadAction","target":["https:\/\/www.manetti.com\/fr\/gamme-beaux-arts-valorisez-lexperience-en-magasin-grace-au-bon-presentoir\/"]}]},{"@type":"ImageObject","inLanguage":"fr-FR","@id":"https:\/\/www.manetti.com\/fr\/gamme-beaux-arts-valorisez-lexperience-en-magasin-grace-au-bon-presentoir\/#primaryimage","url":"https:\/\/www.manetti.com\/wp-content\/uploads\/2025\/09\/presentoir-au-sol-giusto-manetti-battiloro.png","contentUrl":"https:\/\/www.manetti.com\/wp-content\/uploads\/2025\/09\/presentoir-au-sol-giusto-manetti-battiloro.png","width":1080,"height":1080},{"@type":"WebSite","@id":"https:\/\/www.manetti.com\/fr\/#website","url":"https:\/\/www.manetti.com\/fr\/","name":"Giusto Manetti Battiloro","description":"","publisher":{"@id":"https:\/\/www.manetti.com\/fr\/#organization"},"potentialAction":[{"@type":"SearchAction","target":{"@type":"EntryPoint","urlTemplate":"https:\/\/www.manetti.com\/fr\/?s={search_term_string}"},"query-input":{"@type":"PropertyValueSpecification","valueRequired":true,"valueName":"search_term_string"}}],"inLanguage":"fr-FR"},{"@type":"Organization","@id":"https:\/\/www.manetti.com\/fr\/#organization","name":"GIUSTO MANETTI BATTILORO S.P.A.","url":"https:\/\/www.manetti.com\/fr\/","logo":{"@type":"ImageObject","inLanguage":"fr-FR","@id":"https:\/\/www.manetti.com\/fr\/#\/schema\/logo\/image\/","url":"https:\/\/www.manetti.com\/wp-content\/uploads\/2025\/02\/giusto-manetti-blu_300-02.png","contentUrl":"https:\/\/www.manetti.com\/wp-content\/uploads\/2025\/02\/giusto-manetti-blu_300-02.png","width":1123,"height":1093,"caption":"GIUSTO MANETTI BATTILORO S.P.A."},"image":{"@id":"https:\/\/www.manetti.com\/fr\/#\/schema\/logo\/image\/"},"sameAs":["https:\/\/www.facebook.com\/giustomanettibattiloro","https:\/\/www.instagram.com\/giustomanettibattiloro\/","https:\/\/www.linkedin.com\/company\/giusto-manetti-battiloro-s-p-a-\/","https:\/\/www.youtube.com\/user\/ManettiBattiloro"]},{"@type":"Person","@id":"https:\/\/www.manetti.com\/fr\/#\/schema\/person\/857d5e73d093a2691c3bb6583c0cd2df","name":"Hubic Support","image":{"@type":"ImageObject","inLanguage":"fr-FR","@id":"https:\/\/www.manetti.com\/fr\/#\/schema\/person\/image\/","url":"https:\/\/secure.gravatar.com\/avatar\/4e27d7cf78e1589a03ebfd2f1baa49f1?s=96&d=mm&r=g","contentUrl":"https:\/\/secure.gravatar.com\/avatar\/4e27d7cf78e1589a03ebfd2f1baa49f1?s=96&d=mm&r=g","caption":"Hubic Support"}}]}},"_links":{"self":[{"href":"https:\/\/www.manetti.com\/fr\/wp-json\/wp\/v2\/posts\/83632","targetHints":{"allow":["GET"]}}],"collection":[{"href":"https:\/\/www.manetti.com\/fr\/wp-json\/wp\/v2\/posts"}],"about":[{"href":"https:\/\/www.manetti.com\/fr\/wp-json\/wp\/v2\/types\/post"}],"author":[{"embeddable":true,"href":"https:\/\/www.manetti.com\/fr\/wp-json\/wp\/v2\/users\/1055"}],"replies":[{"embeddable":true,"href":"https:\/\/www.manetti.com\/fr\/wp-json\/wp\/v2\/comments?post=83632"}],"version-history":[{"count":0,"href":"https:\/\/www.manetti.com\/fr\/wp-json\/wp\/v2\/posts\/83632\/revisions"}],"wp:featuredmedia":[{"embeddable":true,"href":"https:\/\/www.manetti.com\/fr\/wp-json\/wp\/v2\/media\/83633"}],"wp:attachment":[{"href":"https:\/\/www.manetti.com\/fr\/wp-json\/wp\/v2\/media?parent=83632"}],"wp:term":[{"taxonomy":"category","embeddable":true,"href":"https:\/\/www.manetti.com\/fr\/wp-json\/wp\/v2\/categories?post=83632"},{"taxonomy":"post_tag","embeddable":true,"href":"https:\/\/www.manetti.com\/fr\/wp-json\/wp\/v2\/tags?post=83632"}],"curies":[{"name":"wp","href":"https:\/\/api.w.org\/{rel}","templated":true}]}}