{"id":84473,"date":"2025-10-31T11:26:08","date_gmt":"2025-10-31T10:26:08","guid":{"rendered":"https:\/\/www.manetti.com\/?p=84473"},"modified":"2025-10-31T11:25:19","modified_gmt":"2025-10-31T10:25:19","slug":"feuille-dor-dans-la-decoration-interieure-contemporaine","status":"publish","type":"post","link":"https:\/\/www.manetti.com\/fr\/feuille-dor-dans-la-decoration-interieure-contemporaine\/","title":{"rendered":"Feuille d\u2019or dans la d\u00e9coration int\u00e9rieure contemporaine"},"content":{"rendered":"<p>L\u2019effet dor\u00e9 dans le design d\u2019int\u00e9rieur n\u2019est pas simplement une tendance passag\u00e8re, mais repr\u00e9sente une esth\u00e9tique intemporelle. Cela est possible gr\u00e2ce \u00e0 une qualit\u00e9 tr\u00e8s pr\u00e9cieuse que seul l\u2019or, ainsi que quelques autres mat\u00e9riaux, poss\u00e8de : une qualit\u00e9 que nous appelons\u00a0<strong>polyvalence expressive<\/strong>. En effet, l\u2019or a la capacit\u00e9 de changer de signification selon les contextes et les associations, car au fil de l\u2019histoire, on lui a constamment attribu\u00e9 de nouveaux \u00ab r\u00f4les \u00bb.<\/p>\n<p>Dans l\u2019\u00c9gypte ancienne, comme dans les textes religieux sacr\u00e9s, l\u2019or repr\u00e9sentait le monde divin, probablement parce que sa couleur ne peut \u00eatre fid\u00e8lement reproduite, symbolisant ainsi une dimension inatteignable : seule la feuille d\u2019or est v\u00e9ritablement de l\u2019or !<\/p>\n<p>Avec le temps, la feuille d\u2019or est devenue une ic\u00f4ne de richesse, d\u2019exc\u00e8s, d\u2019abondance, en un mot :\u00a0<strong>Baroque<\/strong>.<\/p>\n<p>Aujourd\u2019hui, dans le design contemporain, la feuille d\u2019or a pour mission d\u2019illuminer les espaces, d\u2019y apporter des reflets, du pathos, une touche d\u2019originalit\u00e9 et, bien s\u00fbr, d\u2019\u00e9l\u00e9gance. Et il va sans dire que la\u00a0<strong>pr\u00e9ciosit\u00e9<\/strong>\u00a0demeure une constante.<\/p>\n<p><img loading=\"lazy\" decoding=\"async\" class=\"aligncenter wp-image-84419\" src=\"https:\/\/www.manetti.com\/wp-content\/uploads\/2025\/10\/interior-design-gold-leaf-giusto-manetti-battiloro-3.jpg\" alt=\"\" width=\"500\" height=\"383\" srcset=\"https:\/\/www.manetti.com\/wp-content\/uploads\/2025\/10\/interior-design-gold-leaf-giusto-manetti-battiloro-3.jpg 1000w, https:\/\/www.manetti.com\/wp-content\/uploads\/2025\/10\/interior-design-gold-leaf-giusto-manetti-battiloro-3-300x230.jpg 300w, https:\/\/www.manetti.com\/wp-content\/uploads\/2025\/10\/interior-design-gold-leaf-giusto-manetti-battiloro-3-768x588.jpg 768w, https:\/\/www.manetti.com\/wp-content\/uploads\/2025\/10\/interior-design-gold-leaf-giusto-manetti-battiloro-3-600x460.jpg 600w\" sizes=\"auto, (max-width: 500px) 100vw, 500px\" \/><\/p>\n<h2>Feuille d\u2019or dans la d\u00e9coration int\u00e9rieure : applications possibles<\/h2>\n<p>D\u2019un meuble particuli\u00e8rement iconique \u00e0 un mur entier, la feuille d\u2019or peut recouvrir n\u2019importe quelle surface, r\u00e9pondant \u00e0 une grande vari\u00e9t\u00e9 d\u2019objectifs d\u00e9coratifs. Parmi les choix stylistiques les plus populaires aujourd\u2019hui, l\u2019utilisation du papier peint se distingue : les motifs sont infinis, tout comme le r\u00e9sultat esth\u00e9tique d\u2019une pi\u00e8ce. Beaucoup d\u2019artistes choisissent d\u2019ajouter de la feuille d\u2019or dans leurs cr\u00e9ations, comme nous l\u2019avons dit, avec des objectifs diff\u00e9rents :<\/p>\n<ul>\n<li>dans une d\u00e9coration de <strong>style antique<\/strong>, la feuille d\u2019or apporte <strong>solennit\u00e9 et pr\u00e9ciosit\u00e9<\/strong><\/li>\n<li>sur une<strong> surface plus g\u00e9om\u00e9trique<\/strong>, en revanche, ce m\u00e9tal devient <strong>l\u2019\u00e9l\u00e9ment d\u2019inspiration et d\u2019exub\u00e9rance<\/strong> qui adoucit la rigueur g\u00e9n\u00e9rale du design<\/li>\n<\/ul>\n<p>Et si la feuille d\u2019or recouvrait le mobilier ? Un miroir somptueux plac\u00e9 \u00e0 l\u2019entr\u00e9e d\u2019un appartement est l\u2019un des choix esth\u00e9tiques les plus appr\u00e9ci\u00e9s : beau, \u00e9l\u00e9gant et riche en lui-m\u00eame, que pourrait-on y ajouter de plus ? Ou encore comme finition : la feuille d\u2019or est tr\u00e8s souvent utilis\u00e9e pour embellir des buffets, des armoires, des tables, pour mettre en valeur certaines sculptures, comme des extr\u00e9mit\u00e9s sinueuses et irr\u00e9guli\u00e8res, ajoutant ainsi une touche de d\u00e9licatesse.<\/p>\n<p><img loading=\"lazy\" decoding=\"async\" class=\"aligncenter wp-image-84447\" src=\"https:\/\/www.manetti.com\/wp-content\/uploads\/2025\/10\/interior-design-gold-leaf-giusto-manetti-battiloro-2-1024x683.jpg\" alt=\"\" width=\"500\" height=\"333\" srcset=\"https:\/\/www.manetti.com\/wp-content\/uploads\/2025\/10\/interior-design-gold-leaf-giusto-manetti-battiloro-2-1024x683.jpg 1024w, https:\/\/www.manetti.com\/wp-content\/uploads\/2025\/10\/interior-design-gold-leaf-giusto-manetti-battiloro-2-300x200.jpg 300w, https:\/\/www.manetti.com\/wp-content\/uploads\/2025\/10\/interior-design-gold-leaf-giusto-manetti-battiloro-2-768x512.jpg 768w, https:\/\/www.manetti.com\/wp-content\/uploads\/2025\/10\/interior-design-gold-leaf-giusto-manetti-battiloro-2-1536x1024.jpg 1536w, https:\/\/www.manetti.com\/wp-content\/uploads\/2025\/10\/interior-design-gold-leaf-giusto-manetti-battiloro-2-600x400.jpg 600w, https:\/\/www.manetti.com\/wp-content\/uploads\/2025\/10\/interior-design-gold-leaf-giusto-manetti-battiloro-2.jpg 1920w\" sizes=\"auto, (max-width: 500px) 100vw, 500px\" \/><\/p>\n<p><strong>Cependant, ceux qui souhaitent aller plus loin peuvent s\u2019inspirer des designers contemporains, qui aiment personnaliser les \u00e9l\u00e9ments architecturaux indispensables d\u2019un espace.<\/strong><\/p>\n<p>Bien que les espaces ouverts soient devenus tendance, une porte, par exemple, reste un \u00e9l\u00e9ment fondamental de la structure d\u2019un lieu. Les d\u00e9corateurs choisissent de l\u2019interpr\u00e9ter de deux mani\u00e8res oppos\u00e9es : la camoufler, en la peignant de la m\u00eame couleur que les murs, ou au contraire la rendre encore plus visible, un v\u00e9ritable \u00e9l\u00e9ment de caract\u00e8re et de personnalit\u00e9. C\u2019est le cas des portes recouvertes de feuille d\u2019or : il est impossible de ne pas les remarquer, mais c\u2019est justement le but !<\/p>\n<p>Les tables basses et les cadres sont eux aussi devenus iconiques : les finitions \u00e0 la feuille d\u2019or n\u2019ont pas de limites.<\/p>\n<h2>Notre or pour la d\u00e9coration int\u00e9rieure dans le monde entire<\/h2>\n<p>Chez\u00a0<strong>Giusto Manetti Battiloro<\/strong>, nous avons une longue histoire dans le domaine de l\u2019ameublement. Au fil des ann\u00e9es, notre feuille d\u2019or a \u00e9t\u00e9 interpr\u00e9t\u00e9e par des architectes et des designers pour d\u00e9corer une grande vari\u00e9t\u00e9 d\u2019environnements. Comme mentionn\u00e9 pr\u00e9c\u00e9demment, la feuille d\u2019or est tr\u00e8s expressive, et les significations qu\u2019elle v\u00e9hicule sont innombrables !<\/p>\n<p>La plus connue : la richesse. Notre or a \u00e9t\u00e9 utilis\u00e9 pour recouvrir l\u2019entr\u00e9e de l\u2019h\u00f4tel\u00a0<a href=\"https:\/\/www.jumeirah.com\" target=\"_blank\" rel=\"noopener\"><strong>Burj Al Arab<\/strong>\u00a0\u00e0 Duba\u00ef<\/a>, la\u00a0<strong>Galerie des Glaces<\/strong>\u00a0\u00e0 Versailles, et il est pr\u00e9sent dans de nombreux projets de restauration, notamment au\u00a0<a href=\"https:\/\/www.instagram.com\/p\/DMIK8bTPXw6\/\" target=\"_blank\" rel=\"noopener\"><strong>Palais Pr\u00e9sidentiel d\u2019Abou Dabi<\/strong><\/a>\u00a0: l\u2019objectif \u00e9tant toujours de cr\u00e9er des environnements enchanteurs, pr\u00e9cieux, somptueux et m\u00e9morables.<\/p>\n<p>\u00c0\u00a0<strong>Londres<\/strong>, en revanche, nous sommes les protagonistes de la d\u00e9coration du\u00a0<a href=\"https:\/\/www.thesavoylondon.com\/restaurant\/beaufort-bar\/\" target=\"_blank\" rel=\"noopener\"><strong>Beauford Bar<\/strong>\u00a0de l\u2019<strong>h\u00f4tel Savoy<\/strong><\/a>, dans le cadre d\u2019une r\u00e9novation \u00e0 l\u2019esprit r\u00e9tro et au charme typiquement britannique. L\u2019\u00e9l\u00e9gance est \u00e9galement au c\u0153ur du\u00a0<strong>Remisens Premium Hotel Palace<\/strong>, en\u00a0<strong>Croatie<\/strong>, ainsi que de nombreux projets de design d\u2019int\u00e9rieur en\u00a0<strong>Italie<\/strong>, qui ont rendu des espaces comme les salons et les salles de bains v\u00e9ritablement iconiques.<\/p>\n<p>Nous avons rassembl\u00e9 <a href=\"https:\/\/www.manetti.com\/fr\/galerie\/design-interieur\/\" target=\"_blank\" rel=\"noopener\">ici les plus beaux projets<\/a>.<\/p>\n<h2>Carats et couleurs : la polyvalence esth\u00e9tique de l\u2019or<\/h2>\n<p>On a tendance \u00e0 croire que la feuille d\u2019or n\u2019a qu\u2019une seule couleur, et pourtant, le m\u00e9tal le plus pr\u00e9cieux au monde se d\u00e9cline en de nombreuses nuances et carats, offrant d\u2019innombrables solutions esth\u00e9tiques adapt\u00e9es \u00e0 une multitude de styles de design.<\/p>\n<p>Suivez <a href=\"https:\/\/www.instagram.com\/giustomanettibattiloro\/\" target=\"_blank\" rel=\"noopener\">nos r\u00e9seaux sociaux<\/a> pour d\u00e9couvrir tous les projets mettant en vedette notre or !<\/p>\n<p>Parmi eux, nous souhaitons mettre en avant <a href=\"https:\/\/www.instagram.com\/p\/DIOQseMIa5t\/?img_index=1\" target=\"_blank\" rel=\"noopener\">la r\u00e9cente r\u00e9novation d\u2019une maison de style contemporain<\/a>, o\u00f9 notre\u00a0<strong>feuille de platine<\/strong>\u00a0a recouvert tout le plafond de la salle \u00e0 manger pour un v\u00e9ritable\u00a0<strong>\u00ab effet de surprise \u00bb<\/strong>\u00a0spectaculaire.<\/p>\n<p>Du plafond, passons \u00e0 une surface plus petite mais tout aussi captivante : un\u00a0<strong>miroir recouvert de <a href=\"https:\/\/www.instagram.com\/p\/C55MdNbIMuA\/\" target=\"_blank\" rel=\"noopener\">feuille d\u2019or champagne<\/a><\/strong>, qui a conf\u00e9r\u00e9 \u00e0 sa fonction r\u00e9fl\u00e9chissante une signification bien plus pr\u00e9cieuse et \u00e9vocatrice.<\/p>\n<p>Comme mentionn\u00e9 pr\u00e9c\u00e9demment, la feuille d\u2019or est utilis\u00e9e pour recouvrir des cadres et embellir les \u0153uvres d\u2019art les plus pr\u00e9cieuses, mais que se passerait-il si\u00a0<strong>l\u2019or lui-m\u00eame<\/strong>\u00a0devenait le v\u00e9ritable protagoniste artistique de la pi\u00e8ce ? C\u2019est exactement ce qui s\u2019est produit dans <a href=\"https:\/\/www.instagram.com\/p\/CxP6VoJo-WM\/?img_index=1\" target=\"_blank\" rel=\"noopener\">ce projet particuli\u00e8rement original<\/a>, o\u00f9 notre\u00a0<strong>feuille d\u2019or pur 24 carats<\/strong>\u00a0est devenue le \u00ab tableau \u00bb \u00e0 encadrer et \u00e0 exposer.<\/p>\n<p><img loading=\"lazy\" decoding=\"async\" class=\"aligncenter wp-image-84440\" src=\"https:\/\/www.manetti.com\/wp-content\/uploads\/2025\/10\/interior-design-gold-leaf-giusto-manetti-battiloro-4.jpg\" alt=\"\" width=\"300\" height=\"400\" srcset=\"https:\/\/www.manetti.com\/wp-content\/uploads\/2025\/10\/interior-design-gold-leaf-giusto-manetti-battiloro-4.jpg 750w, https:\/\/www.manetti.com\/wp-content\/uploads\/2025\/10\/interior-design-gold-leaf-giusto-manetti-battiloro-4-225x300.jpg 225w, https:\/\/www.manetti.com\/wp-content\/uploads\/2025\/10\/interior-design-gold-leaf-giusto-manetti-battiloro-4-600x800.jpg 600w\" sizes=\"auto, (max-width: 300px) 100vw, 300px\" \/><\/p>\n<p><strong>L\u2019or ne conna\u00eet v\u00e9ritablement aucune limite esth\u00e9tique : les tendances \u00e9voluent, tout comme les fa\u00e7ons de l\u2019appliquer, et pourtant, la feuille d\u2019or demeure un choix stylistique intemporel.<\/strong><\/p>\n<p>Un choix stylistique, cependant, qui doit \u00eatre appliqu\u00e9 avec\u00a0<strong>savoir-faire et attention<\/strong>\u00a0: en tant que producteurs de feuille d\u2019or depuis plusieurs si\u00e8cles, c\u2019est une pr\u00e9voyance que nous mettons toujours en avant.<\/p>\n<p>La bonne nouvelle, c\u2019est que toute personne souhaitant d\u00e9corer ses espaces avec de l\u2019or peut\u00a0<a href=\"https:\/\/www.manetti.com\/fr\/a-propos-de-nous\/contacts\/\" target=\"_blank\" rel=\"noopener\"><strong>nous contacter<\/strong><\/a>\u00a0afin d\u2019\u00e9changer et de comprendre ensemble les pr\u00e9cautions \u00e0 adopter pour garantir un\u00a0<strong>travail, une application et un r\u00e9sultat v\u00e9ritablement impeccables<\/strong>\u00a0!<\/p>\n","protected":false},"excerpt":{"rendered":"<p>L\u2019effet dor\u00e9 dans le design d\u2019int\u00e9rieur n\u2019est pas simplement une tendance passag\u00e8re, mais repr\u00e9sente une esth\u00e9tique intemporelle. Cela est possible gr\u00e2ce \u00e0 une qualit\u00e9 tr\u00e8s pr\u00e9cieuse que seul l\u2019or, ainsi que quelques autres mat\u00e9riaux, poss\u00e8de : une qualit\u00e9 que nous appelons\u00a0polyvalence expressive. En effet, l\u2019or a la capacit\u00e9 de changer de signification selon les contextes [&#8230;]<\/p>\n<p><a class=\"btn btn-secondary understrap-read-more-link\" href=\"https:\/\/www.manetti.com\/fr\/feuille-dor-dans-la-decoration-interieure-contemporaine\/\">Lire la suite&#8230;<\/a><\/p>\n","protected":false},"author":1055,"featured_media":84419,"comment_status":"closed","ping_status":"closed","sticky":false,"template":"","format":"standard","meta":{"_acf_changed":false,"mc4wp_mailchimp_campaign":[],"footnotes":""},"categories":[228],"tags":[],"class_list":["post-84473","post","type-post","status-publish","format-standard","has-post-thumbnail","hentry","category-wikigold-fr"],"acf":[],"yoast_head":"<!-- This site is optimized with the Yoast SEO plugin v26.5 - https:\/\/yoast.com\/wordpress\/plugins\/seo\/ -->\n<title>Feuille d\u2019or dans la d\u00e9coration int\u00e9rieure contemporaine | Manetti<\/title>\n<meta name=\"robots\" content=\"index, follow, max-snippet:-1, max-image-preview:large, max-video-preview:-1\" \/>\n<link rel=\"canonical\" href=\"https:\/\/www.manetti.com\/fr\/feuille-dor-dans-la-decoration-interieure-contemporaine\/\" \/>\n<meta property=\"og:locale\" content=\"fr_FR\" \/>\n<meta property=\"og:type\" content=\"article\" \/>\n<meta property=\"og:title\" content=\"Feuille d\u2019or dans la d\u00e9coration int\u00e9rieure contemporaine | Manetti\" \/>\n<meta property=\"og:description\" content=\"L\u2019effet dor\u00e9 dans le design d\u2019int\u00e9rieur n\u2019est pas simplement une tendance passag\u00e8re, mais repr\u00e9sente une esth\u00e9tique intemporelle. Cela est possible gr\u00e2ce \u00e0 une qualit\u00e9 tr\u00e8s pr\u00e9cieuse que seul l\u2019or, ainsi que quelques autres mat\u00e9riaux, poss\u00e8de : une qualit\u00e9 que nous appelons\u00a0polyvalence expressive. En effet, l\u2019or a la capacit\u00e9 de changer de signification selon les contextes [...]Lire la suite...\" \/>\n<meta property=\"og:url\" content=\"https:\/\/www.manetti.com\/fr\/feuille-dor-dans-la-decoration-interieure-contemporaine\/\" \/>\n<meta property=\"og:site_name\" content=\"Giusto Manetti Battiloro\" \/>\n<meta property=\"article:publisher\" content=\"https:\/\/www.facebook.com\/giustomanettibattiloro\" \/>\n<meta property=\"article:published_time\" content=\"2025-10-31T10:26:08+00:00\" \/>\n<meta property=\"og:image\" content=\"https:\/\/www.manetti.com\/wp-content\/uploads\/2025\/10\/interior-design-gold-leaf-giusto-manetti-battiloro-3.jpg\" \/>\n\t<meta property=\"og:image:width\" content=\"1000\" \/>\n\t<meta property=\"og:image:height\" content=\"766\" \/>\n\t<meta property=\"og:image:type\" content=\"image\/jpeg\" \/>\n<meta name=\"author\" content=\"Hubic Support\" \/>\n<meta name=\"twitter:card\" content=\"summary_large_image\" \/>\n<meta name=\"twitter:label1\" content=\"\u00c9crit par\" \/>\n\t<meta name=\"twitter:data1\" content=\"Hubic Support\" \/>\n\t<meta name=\"twitter:label2\" content=\"Dur\u00e9e de lecture estim\u00e9e\" \/>\n\t<meta name=\"twitter:data2\" content=\"6 minutes\" \/>\n<script type=\"application\/ld+json\" class=\"yoast-schema-graph\">{\"@context\":\"https:\/\/schema.org\",\"@graph\":[{\"@type\":\"Article\",\"@id\":\"https:\/\/www.manetti.com\/fr\/feuille-dor-dans-la-decoration-interieure-contemporaine\/#article\",\"isPartOf\":{\"@id\":\"https:\/\/www.manetti.com\/fr\/feuille-dor-dans-la-decoration-interieure-contemporaine\/\"},\"author\":{\"name\":\"Hubic Support\",\"@id\":\"https:\/\/www.manetti.com\/fr\/#\/schema\/person\/857d5e73d093a2691c3bb6583c0cd2df\"},\"headline\":\"Feuille d\u2019or dans la d\u00e9coration int\u00e9rieure contemporaine\",\"datePublished\":\"2025-10-31T10:26:08+00:00\",\"mainEntityOfPage\":{\"@id\":\"https:\/\/www.manetti.com\/fr\/feuille-dor-dans-la-decoration-interieure-contemporaine\/\"},\"wordCount\":1147,\"publisher\":{\"@id\":\"https:\/\/www.manetti.com\/fr\/#organization\"},\"image\":{\"@id\":\"https:\/\/www.manetti.com\/fr\/feuille-dor-dans-la-decoration-interieure-contemporaine\/#primaryimage\"},\"thumbnailUrl\":\"https:\/\/www.manetti.com\/wp-content\/uploads\/2025\/10\/interior-design-gold-leaf-giusto-manetti-battiloro-3.jpg\",\"articleSection\":[\"Wikigold\"],\"inLanguage\":\"fr-FR\"},{\"@type\":\"WebPage\",\"@id\":\"https:\/\/www.manetti.com\/fr\/feuille-dor-dans-la-decoration-interieure-contemporaine\/\",\"url\":\"https:\/\/www.manetti.com\/fr\/feuille-dor-dans-la-decoration-interieure-contemporaine\/\",\"name\":\"Feuille d\u2019or dans la d\u00e9coration int\u00e9rieure contemporaine | Manetti\",\"isPartOf\":{\"@id\":\"https:\/\/www.manetti.com\/fr\/#website\"},\"primaryImageOfPage\":{\"@id\":\"https:\/\/www.manetti.com\/fr\/feuille-dor-dans-la-decoration-interieure-contemporaine\/#primaryimage\"},\"image\":{\"@id\":\"https:\/\/www.manetti.com\/fr\/feuille-dor-dans-la-decoration-interieure-contemporaine\/#primaryimage\"},\"thumbnailUrl\":\"https:\/\/www.manetti.com\/wp-content\/uploads\/2025\/10\/interior-design-gold-leaf-giusto-manetti-battiloro-3.jpg\",\"datePublished\":\"2025-10-31T10:26:08+00:00\",\"inLanguage\":\"fr-FR\",\"potentialAction\":[{\"@type\":\"ReadAction\",\"target\":[\"https:\/\/www.manetti.com\/fr\/feuille-dor-dans-la-decoration-interieure-contemporaine\/\"]}]},{\"@type\":\"ImageObject\",\"inLanguage\":\"fr-FR\",\"@id\":\"https:\/\/www.manetti.com\/fr\/feuille-dor-dans-la-decoration-interieure-contemporaine\/#primaryimage\",\"url\":\"https:\/\/www.manetti.com\/wp-content\/uploads\/2025\/10\/interior-design-gold-leaf-giusto-manetti-battiloro-3.jpg\",\"contentUrl\":\"https:\/\/www.manetti.com\/wp-content\/uploads\/2025\/10\/interior-design-gold-leaf-giusto-manetti-battiloro-3.jpg\",\"width\":1000,\"height\":766},{\"@type\":\"WebSite\",\"@id\":\"https:\/\/www.manetti.com\/fr\/#website\",\"url\":\"https:\/\/www.manetti.com\/fr\/\",\"name\":\"Giusto Manetti Battiloro\",\"description\":\"\",\"publisher\":{\"@id\":\"https:\/\/www.manetti.com\/fr\/#organization\"},\"potentialAction\":[{\"@type\":\"SearchAction\",\"target\":{\"@type\":\"EntryPoint\",\"urlTemplate\":\"https:\/\/www.manetti.com\/fr\/?s={search_term_string}\"},\"query-input\":{\"@type\":\"PropertyValueSpecification\",\"valueRequired\":true,\"valueName\":\"search_term_string\"}}],\"inLanguage\":\"fr-FR\"},{\"@type\":\"Organization\",\"@id\":\"https:\/\/www.manetti.com\/fr\/#organization\",\"name\":\"GIUSTO MANETTI BATTILORO S.P.A.\",\"url\":\"https:\/\/www.manetti.com\/fr\/\",\"logo\":{\"@type\":\"ImageObject\",\"inLanguage\":\"fr-FR\",\"@id\":\"https:\/\/www.manetti.com\/fr\/#\/schema\/logo\/image\/\",\"url\":\"https:\/\/www.manetti.com\/wp-content\/uploads\/2025\/02\/giusto-manetti-blu_300-02.png\",\"contentUrl\":\"https:\/\/www.manetti.com\/wp-content\/uploads\/2025\/02\/giusto-manetti-blu_300-02.png\",\"width\":1123,\"height\":1093,\"caption\":\"GIUSTO MANETTI BATTILORO S.P.A.\"},\"image\":{\"@id\":\"https:\/\/www.manetti.com\/fr\/#\/schema\/logo\/image\/\"},\"sameAs\":[\"https:\/\/www.facebook.com\/giustomanettibattiloro\",\"https:\/\/www.instagram.com\/giustomanettibattiloro\/\",\"https:\/\/www.linkedin.com\/company\/giusto-manetti-battiloro-s-p-a-\/\",\"https:\/\/www.youtube.com\/user\/ManettiBattiloro\"]},{\"@type\":\"Person\",\"@id\":\"https:\/\/www.manetti.com\/fr\/#\/schema\/person\/857d5e73d093a2691c3bb6583c0cd2df\",\"name\":\"Hubic Support\",\"image\":{\"@type\":\"ImageObject\",\"inLanguage\":\"fr-FR\",\"@id\":\"https:\/\/www.manetti.com\/fr\/#\/schema\/person\/image\/\",\"url\":\"https:\/\/secure.gravatar.com\/avatar\/4e27d7cf78e1589a03ebfd2f1baa49f1?s=96&d=mm&r=g\",\"contentUrl\":\"https:\/\/secure.gravatar.com\/avatar\/4e27d7cf78e1589a03ebfd2f1baa49f1?s=96&d=mm&r=g\",\"caption\":\"Hubic Support\"}}]}<\/script>\n<!-- \/ Yoast SEO plugin. -->","yoast_head_json":{"title":"Feuille d\u2019or dans la d\u00e9coration int\u00e9rieure contemporaine | Manetti","robots":{"index":"index","follow":"follow","max-snippet":"max-snippet:-1","max-image-preview":"max-image-preview:large","max-video-preview":"max-video-preview:-1"},"canonical":"https:\/\/www.manetti.com\/fr\/feuille-dor-dans-la-decoration-interieure-contemporaine\/","og_locale":"fr_FR","og_type":"article","og_title":"Feuille d\u2019or dans la d\u00e9coration int\u00e9rieure contemporaine | Manetti","og_description":"L\u2019effet dor\u00e9 dans le design d\u2019int\u00e9rieur n\u2019est pas simplement une tendance passag\u00e8re, mais repr\u00e9sente une esth\u00e9tique intemporelle. Cela est possible gr\u00e2ce \u00e0 une qualit\u00e9 tr\u00e8s pr\u00e9cieuse que seul l\u2019or, ainsi que quelques autres mat\u00e9riaux, poss\u00e8de : une qualit\u00e9 que nous appelons\u00a0polyvalence expressive. En effet, l\u2019or a la capacit\u00e9 de changer de signification selon les contextes [...]Lire la suite...","og_url":"https:\/\/www.manetti.com\/fr\/feuille-dor-dans-la-decoration-interieure-contemporaine\/","og_site_name":"Giusto Manetti Battiloro","article_publisher":"https:\/\/www.facebook.com\/giustomanettibattiloro","article_published_time":"2025-10-31T10:26:08+00:00","og_image":[{"width":1000,"height":766,"url":"https:\/\/www.manetti.com\/wp-content\/uploads\/2025\/10\/interior-design-gold-leaf-giusto-manetti-battiloro-3.jpg","type":"image\/jpeg"}],"author":"Hubic Support","twitter_card":"summary_large_image","twitter_misc":{"\u00c9crit par":"Hubic Support","Dur\u00e9e de lecture estim\u00e9e":"6 minutes"},"schema":{"@context":"https:\/\/schema.org","@graph":[{"@type":"Article","@id":"https:\/\/www.manetti.com\/fr\/feuille-dor-dans-la-decoration-interieure-contemporaine\/#article","isPartOf":{"@id":"https:\/\/www.manetti.com\/fr\/feuille-dor-dans-la-decoration-interieure-contemporaine\/"},"author":{"name":"Hubic Support","@id":"https:\/\/www.manetti.com\/fr\/#\/schema\/person\/857d5e73d093a2691c3bb6583c0cd2df"},"headline":"Feuille d\u2019or dans la d\u00e9coration int\u00e9rieure contemporaine","datePublished":"2025-10-31T10:26:08+00:00","mainEntityOfPage":{"@id":"https:\/\/www.manetti.com\/fr\/feuille-dor-dans-la-decoration-interieure-contemporaine\/"},"wordCount":1147,"publisher":{"@id":"https:\/\/www.manetti.com\/fr\/#organization"},"image":{"@id":"https:\/\/www.manetti.com\/fr\/feuille-dor-dans-la-decoration-interieure-contemporaine\/#primaryimage"},"thumbnailUrl":"https:\/\/www.manetti.com\/wp-content\/uploads\/2025\/10\/interior-design-gold-leaf-giusto-manetti-battiloro-3.jpg","articleSection":["Wikigold"],"inLanguage":"fr-FR"},{"@type":"WebPage","@id":"https:\/\/www.manetti.com\/fr\/feuille-dor-dans-la-decoration-interieure-contemporaine\/","url":"https:\/\/www.manetti.com\/fr\/feuille-dor-dans-la-decoration-interieure-contemporaine\/","name":"Feuille d\u2019or dans la d\u00e9coration int\u00e9rieure contemporaine | Manetti","isPartOf":{"@id":"https:\/\/www.manetti.com\/fr\/#website"},"primaryImageOfPage":{"@id":"https:\/\/www.manetti.com\/fr\/feuille-dor-dans-la-decoration-interieure-contemporaine\/#primaryimage"},"image":{"@id":"https:\/\/www.manetti.com\/fr\/feuille-dor-dans-la-decoration-interieure-contemporaine\/#primaryimage"},"thumbnailUrl":"https:\/\/www.manetti.com\/wp-content\/uploads\/2025\/10\/interior-design-gold-leaf-giusto-manetti-battiloro-3.jpg","datePublished":"2025-10-31T10:26:08+00:00","inLanguage":"fr-FR","potentialAction":[{"@type":"ReadAction","target":["https:\/\/www.manetti.com\/fr\/feuille-dor-dans-la-decoration-interieure-contemporaine\/"]}]},{"@type":"ImageObject","inLanguage":"fr-FR","@id":"https:\/\/www.manetti.com\/fr\/feuille-dor-dans-la-decoration-interieure-contemporaine\/#primaryimage","url":"https:\/\/www.manetti.com\/wp-content\/uploads\/2025\/10\/interior-design-gold-leaf-giusto-manetti-battiloro-3.jpg","contentUrl":"https:\/\/www.manetti.com\/wp-content\/uploads\/2025\/10\/interior-design-gold-leaf-giusto-manetti-battiloro-3.jpg","width":1000,"height":766},{"@type":"WebSite","@id":"https:\/\/www.manetti.com\/fr\/#website","url":"https:\/\/www.manetti.com\/fr\/","name":"Giusto Manetti Battiloro","description":"","publisher":{"@id":"https:\/\/www.manetti.com\/fr\/#organization"},"potentialAction":[{"@type":"SearchAction","target":{"@type":"EntryPoint","urlTemplate":"https:\/\/www.manetti.com\/fr\/?s={search_term_string}"},"query-input":{"@type":"PropertyValueSpecification","valueRequired":true,"valueName":"search_term_string"}}],"inLanguage":"fr-FR"},{"@type":"Organization","@id":"https:\/\/www.manetti.com\/fr\/#organization","name":"GIUSTO MANETTI BATTILORO S.P.A.","url":"https:\/\/www.manetti.com\/fr\/","logo":{"@type":"ImageObject","inLanguage":"fr-FR","@id":"https:\/\/www.manetti.com\/fr\/#\/schema\/logo\/image\/","url":"https:\/\/www.manetti.com\/wp-content\/uploads\/2025\/02\/giusto-manetti-blu_300-02.png","contentUrl":"https:\/\/www.manetti.com\/wp-content\/uploads\/2025\/02\/giusto-manetti-blu_300-02.png","width":1123,"height":1093,"caption":"GIUSTO MANETTI BATTILORO S.P.A."},"image":{"@id":"https:\/\/www.manetti.com\/fr\/#\/schema\/logo\/image\/"},"sameAs":["https:\/\/www.facebook.com\/giustomanettibattiloro","https:\/\/www.instagram.com\/giustomanettibattiloro\/","https:\/\/www.linkedin.com\/company\/giusto-manetti-battiloro-s-p-a-\/","https:\/\/www.youtube.com\/user\/ManettiBattiloro"]},{"@type":"Person","@id":"https:\/\/www.manetti.com\/fr\/#\/schema\/person\/857d5e73d093a2691c3bb6583c0cd2df","name":"Hubic Support","image":{"@type":"ImageObject","inLanguage":"fr-FR","@id":"https:\/\/www.manetti.com\/fr\/#\/schema\/person\/image\/","url":"https:\/\/secure.gravatar.com\/avatar\/4e27d7cf78e1589a03ebfd2f1baa49f1?s=96&d=mm&r=g","contentUrl":"https:\/\/secure.gravatar.com\/avatar\/4e27d7cf78e1589a03ebfd2f1baa49f1?s=96&d=mm&r=g","caption":"Hubic Support"}}]}},"_links":{"self":[{"href":"https:\/\/www.manetti.com\/fr\/wp-json\/wp\/v2\/posts\/84473","targetHints":{"allow":["GET"]}}],"collection":[{"href":"https:\/\/www.manetti.com\/fr\/wp-json\/wp\/v2\/posts"}],"about":[{"href":"https:\/\/www.manetti.com\/fr\/wp-json\/wp\/v2\/types\/post"}],"author":[{"embeddable":true,"href":"https:\/\/www.manetti.com\/fr\/wp-json\/wp\/v2\/users\/1055"}],"replies":[{"embeddable":true,"href":"https:\/\/www.manetti.com\/fr\/wp-json\/wp\/v2\/comments?post=84473"}],"version-history":[{"count":0,"href":"https:\/\/www.manetti.com\/fr\/wp-json\/wp\/v2\/posts\/84473\/revisions"}],"wp:featuredmedia":[{"embeddable":true,"href":"https:\/\/www.manetti.com\/fr\/wp-json\/wp\/v2\/media\/84419"}],"wp:attachment":[{"href":"https:\/\/www.manetti.com\/fr\/wp-json\/wp\/v2\/media?parent=84473"}],"wp:term":[{"taxonomy":"category","embeddable":true,"href":"https:\/\/www.manetti.com\/fr\/wp-json\/wp\/v2\/categories?post=84473"},{"taxonomy":"post_tag","embeddable":true,"href":"https:\/\/www.manetti.com\/fr\/wp-json\/wp\/v2\/tags?post=84473"}],"curies":[{"name":"wp","href":"https:\/\/api.w.org\/{rel}","templated":true}]}}